{"id":23267,"date":"2022-10-11T15:12:15","date_gmt":"2022-10-11T15:12:15","guid":{"rendered":"https:\/\/neutrale.al\/?p=23267"},"modified":"2022-10-11T15:12:15","modified_gmt":"2022-10-11T15:12:15","slug":"rama-vizite-ne-turqi-takohet-me-presidentin-erdogan","status":"publish","type":"post","link":"https:\/\/neutrale.al\/index.php\/2022\/10\/11\/rama-vizite-ne-turqi-takohet-me-presidentin-erdogan\/","title":{"rendered":"Rama vizit\u00eb n\u00eb Turqi, takohet me Presidentin Erdogan."},"content":{"rendered":"<p>Kryeministri Edi Rama ka udh\u00ebtuar sot drejt Stambollit. Ai po zhvillon nj\u00eb vizit\u00eb t\u00eb panjoftuar m\u00eb par\u00eb.<\/p>\n<p>Kreu i qeveris\u00eb \u00ebsht\u00eb pritur nga presidenti turk Rexhep Erdogan, n\u00eb pallatin presidencial.<\/p>\n<p>Ende nuk ka nj\u00eb komunikat\u00eb zyrtsre p\u00ebr arsyen e vizit\u00ebs s\u00eb kryeministrit shqiptar n\u00eb Turqi.<\/p>\n<p>Rama, para pak koh\u00ebsh, pati deklaruar se vendi yn\u00eb do t\u00eb marri dron p\u00ebr ruajtjen e hap\u00ebsir\u00ebs ajrore nga Turqia, por edhe mbyllja e kolegjit &#8220;Mehmet Akif&#8221;, aludohet se u krye me k\u00ebrkes\u00eb t\u00eb qeveris\u00eb turke.<\/p>\n","protected":false},"excerpt":{"rendered":"<p>Kryeministri Edi Rama ka udh\u00ebtuar sot drejt Stambollit. Ai po zhvillon nj\u00eb vizit\u00eb t\u00eb panjoftuar m\u00eb par\u00eb. Kreu i qeveris\u00eb \u00ebsht\u00eb pritur nga presidenti turk Rexhep Erdogan, n\u00eb pallatin presidencial. Ende nuk ka nj\u00eb komunikat\u00eb zyrtsre p\u00ebr arsyen e vizit\u00ebs s\u00eb kryeministrit shqiptar n\u00eb Turqi. Rama, para pak koh\u00ebsh, pati deklaruar se vendi yn\u00eb do [&hellip;]<\/p>\n","protected":false},"author":2,"featured_media":23268,"comment_status":"open","ping_status":"open","sticky":false,"template":"","format":"standard","meta":{"footnotes":""},"categories":[118,9],"tags":[27],"class_list":{"0":"post-23267","1":"post","2":"type-post","3":"status-publish","4":"format-standard","5":"has-post-thumbnail","7":"category-kryesore","8":"category-politika","9":"tag-lajme"},"_links":{"self":[{"href":"https:\/\/neutrale.al\/index.php\/wp-json\/wp\/v2\/posts\/23267","targetHints":{"allow":["GET"]}}],"collection":[{"href":"https:\/\/neutrale.al\/index.php\/wp-json\/wp\/v2\/posts"}],"about":[{"href":"https:\/\/neutrale.al\/index.php\/wp-json\/wp\/v2\/types\/post"}],"author":[{"embeddable":true,"href":"https:\/\/neutrale.al\/index.php\/wp-json\/wp\/v2\/users\/2"}],"replies":[{"embeddable":true,"href":"https:\/\/neutrale.al\/index.php\/wp-json\/wp\/v2\/comments?post=23267"}],"version-history":[{"count":1,"href":"https:\/\/neutrale.al\/index.php\/wp-json\/wp\/v2\/posts\/23267\/revisions"}],"predecessor-version":[{"id":23269,"href":"https:\/\/neutrale.al\/index.php\/wp-json\/wp\/v2\/posts\/23267\/revisions\/23269"}],"wp:featuredmedia":[{"embeddable":true,"href":"https:\/\/neutrale.al\/index.php\/wp-json\/wp\/v2\/media\/23268"}],"wp:attachment":[{"href":"https:\/\/neutrale.al\/index.php\/wp-json\/wp\/v2\/media?parent=23267"}],"wp:term":[{"taxonomy":"category","embeddable":true,"href":"https:\/\/neutrale.al\/index.php\/wp-json\/wp\/v2\/categories?post=23267"},{"taxonomy":"post_tag","embeddable":true,"href":"https:\/\/neutrale.al\/index.php\/wp-json\/wp\/v2\/tags?post=23267"}],"curies":[{"name":"wp","href":"https:\/\/api.w.org\/{rel}","templated":true}]}}