{"id":23217,"date":"2022-10-11T09:14:28","date_gmt":"2022-10-11T09:14:28","guid":{"rendered":"https:\/\/neutrale.al\/?p=23217"},"modified":"2022-10-11T09:14:28","modified_gmt":"2022-10-11T09:14:28","slug":"partia-demokratike-organizon-departamentet-sot-zgjedhjet-per-departamentin-e-arsimit-te-larte-dhe-kerkimit-shkencor","status":"publish","type":"post","link":"https:\/\/neutrale.al\/index.php\/2022\/10\/11\/partia-demokratike-organizon-departamentet-sot-zgjedhjet-per-departamentin-e-arsimit-te-larte-dhe-kerkimit-shkencor\/","title":{"rendered":"Partia Demokratike organizon departamentet\/ Sot zgjedhjet p\u00ebr departamentin e Arsimit t\u00eb Lart\u00eb dhe K\u00ebrkimit Shkencor."},"content":{"rendered":"<p>Selia blu po vazhdon plot\u00ebsimin e gjith\u00eb strukturave t\u00eb saj, p\u00ebrcaktuar n\u00eb statut.<\/p>\n<p>Departamentet jan\u00eb &#8220;b\u00ebrthama&#8221; e hartimit t\u00eb politikave t\u00eb opozit\u00ebs dhe pararend\u00ebse t\u00eb programit qeveris\u00ebs, kur subjekti vjen n\u00eb pushtet.<\/p>\n<p>M\u00ebsohet se sot, n\u00eb pasdite, do t\u00eb zhvillohen zgjedhjet e departamentit t\u00eb Arsimit t\u00eb Lart\u00eb dhe K\u00ebrkimit Shkencor.<\/p>\n<p>N\u00eb gar\u00eb do t\u00eb jen\u00eb dy pedagoge:<br \/>\nIlirjana Ku\u00e7ana,  (Msc)<br \/>\nLili Sula, (Prof. As. Dr.)<\/p>\n<p>Njoftimin e b\u00ebn n\u00ebnkryetari i PD-s\u00eb, Oerd Bylykbashi.<\/p>\n<p>Ja mesazhi i p\u00ebrcjell\u00eb prej tij:<\/p>\n<p>Te nderuar anetare te departamentit te Arsimit te Larte dhe Kerkimit Shkencor,<\/p>\n<p>Ne vijim te komunikimeve te meparshme, pas marrjes se dokumentacionit te kerkuar nga grupi i punes per ngritjen e departamenteve, ju bej me dije se antaret qe kane aplikuar per garen per drejtues departamenti, ne rend alfabetik jane:<\/p>\n<p>Ilirjana Ku\u00e7ana,  (Msc)<br \/>\nLili Sula, (Prof. As. Dr.)<\/p>\n<p>Bashkengjitur ju paraqesim shprehjen e interesit, CV profesionale dhe platformen e paraqitur prej tyre, per vleresim prej anetareve te departamentit.<\/p>\n<p>Me respekt<\/p>\n<p>Oerd Bylykbashi<\/p>\n","protected":false},"excerpt":{"rendered":"<p>Selia blu po vazhdon plot\u00ebsimin e gjith\u00eb strukturave t\u00eb saj, p\u00ebrcaktuar n\u00eb statut. Departamentet jan\u00eb &#8220;b\u00ebrthama&#8221; e hartimit t\u00eb politikave t\u00eb opozit\u00ebs dhe pararend\u00ebse t\u00eb programit qeveris\u00ebs, kur subjekti vjen n\u00eb pushtet. M\u00ebsohet se sot, n\u00eb pasdite, do t\u00eb zhvillohen zgjedhjet e departamentit t\u00eb Arsimit t\u00eb Lart\u00eb dhe K\u00ebrkimit Shkencor. N\u00eb gar\u00eb do t\u00eb jen\u00eb [&hellip;]<\/p>\n","protected":false},"author":2,"featured_media":23218,"comment_status":"open","ping_status":"open","sticky":false,"template":"","format":"standard","meta":{"footnotes":""},"categories":[118,9],"tags":[],"class_list":{"0":"post-23217","1":"post","2":"type-post","3":"status-publish","4":"format-standard","5":"has-post-thumbnail","7":"category-kryesore","8":"category-politika"},"_links":{"self":[{"href":"https:\/\/neutrale.al\/index.php\/wp-json\/wp\/v2\/posts\/23217","targetHints":{"allow":["GET"]}}],"collection":[{"href":"https:\/\/neutrale.al\/index.php\/wp-json\/wp\/v2\/posts"}],"about":[{"href":"https:\/\/neutrale.al\/index.php\/wp-json\/wp\/v2\/types\/post"}],"author":[{"embeddable":true,"href":"https:\/\/neutrale.al\/index.php\/wp-json\/wp\/v2\/users\/2"}],"replies":[{"embeddable":true,"href":"https:\/\/neutrale.al\/index.php\/wp-json\/wp\/v2\/comments?post=23217"}],"version-history":[{"count":1,"href":"https:\/\/neutrale.al\/index.php\/wp-json\/wp\/v2\/posts\/23217\/revisions"}],"predecessor-version":[{"id":23219,"href":"https:\/\/neutrale.al\/index.php\/wp-json\/wp\/v2\/posts\/23217\/revisions\/23219"}],"wp:featuredmedia":[{"embeddable":true,"href":"https:\/\/neutrale.al\/index.php\/wp-json\/wp\/v2\/media\/23218"}],"wp:attachment":[{"href":"https:\/\/neutrale.al\/index.php\/wp-json\/wp\/v2\/media?parent=23217"}],"wp:term":[{"taxonomy":"category","embeddable":true,"href":"https:\/\/neutrale.al\/index.php\/wp-json\/wp\/v2\/categories?post=23217"},{"taxonomy":"post_tag","embeddable":true,"href":"https:\/\/neutrale.al\/index.php\/wp-json\/wp\/v2\/tags?post=23217"}],"curies":[{"name":"wp","href":"https:\/\/api.w.org\/{rel}","templated":true}]}}