{"id":23184,"date":"2022-10-11T08:21:00","date_gmt":"2022-10-11T08:21:00","guid":{"rendered":"https:\/\/neutrale.al\/?p=23184"},"modified":"2022-10-11T08:21:00","modified_gmt":"2022-10-11T08:21:00","slug":"sicili-shqiptari-39-vjecar-qellohet-7-here-me-pistolete-para-biznesit-te-tij","status":"publish","type":"post","link":"https:\/\/neutrale.al\/index.php\/2022\/10\/11\/sicili-shqiptari-39-vjecar-qellohet-7-here-me-pistolete-para-biznesit-te-tij\/","title":{"rendered":"Si\u00e7ili\/ Shqiptari 39-vje\u00e7ar q\u00ebllohet 7 her\u00eb me pistolet\u00eb para biznesit t\u00eb tij"},"content":{"rendered":"<p>Ngjarja e r\u00ebnd\u00eb ka ndodhur n\u00eb nat\u00ebn mes t\u00eb diel\u00ebs dhe t\u00eb h\u00ebn\u00ebs n\u00eb qytez\u00ebn e Vittoria n\u00eb Ragusa t\u00eb Si\u00e7ilis\u00eb.<\/p>\n<p>Nj\u00eb 39-vje\u00e7ar shqiptar u sulmua para biznesit t\u00eb tij. Sapo hipi n\u00eb makin\u00ebn e tij, i \u00ebsht\u00eb afruar nj\u00eb person q\u00eb ka nisur ta godas\u00eb me grushta.<\/p>\n<p>Pak \u00e7aste m\u00eb von\u00eb, agresori ka nxjerr\u00eb nj\u00eb pistolet\u00eb dhe ka q\u00eblluar 7 her\u00eb n\u00eb drejtim t\u00eb shqiptarit.<br \/>\nAi ka tentuar q\u00eb t\u2019ia largoj\u00eb arm\u00ebn nga dora autorit. Megjithat\u00eb ka marr\u00eb plag\u00eb n\u00eb dor\u00eb dhe n\u00eb k\u00ebmb\u00eb.<br \/>\nI plagosuri u transportua nga nj\u00eb i af\u00ebrm n\u00eb spital, ku i \u00ebsht\u00eb n\u00ebnshtruar nj\u00eb operacioni dhe ndodhet jasht\u00eb rrezikut p\u00ebr jet\u00ebn.<br \/>\n39 vje\u00e7ari jetonte prej 15 vitesh n\u00eb k\u00ebt\u00eb vend me dokumente t\u00eb rregullta q\u00ebndrimi.<\/p>\n<p>Mediat vendase\u00a0shkruajn\u00eb se nuk p\u00ebrjashtohet pista e konflikteve mes shqiptar\u00ebve, por kjo mbetet p\u00ebr t\u2019u verifikuar.<br \/>\nNj\u00eb nga pistat q\u00eb p\u00ebrmendet jan\u00eb borxhet.<br \/>\nMediat shkruajn\u00eb se n\u00eb t\u00eb kaluar\u00ebn ai kishte pasur nj\u00eb histori droge dhe se 2 her\u00eb i kan\u00eb djegur makin\u00ebn.<\/p>\n","protected":false},"excerpt":{"rendered":"<p>Ngjarja e r\u00ebnd\u00eb ka ndodhur n\u00eb nat\u00ebn mes t\u00eb diel\u00ebs dhe t\u00eb h\u00ebn\u00ebs n\u00eb qytez\u00ebn e Vittoria n\u00eb Ragusa t\u00eb Si\u00e7ilis\u00eb. Nj\u00eb 39-vje\u00e7ar shqiptar u sulmua para biznesit t\u00eb tij. Sapo hipi n\u00eb makin\u00ebn e tij, i \u00ebsht\u00eb afruar nj\u00eb person q\u00eb ka nisur ta godas\u00eb me grushta. Pak \u00e7aste m\u00eb von\u00eb, agresori ka nxjerr\u00eb [&hellip;]<\/p>\n","protected":false},"author":2,"featured_media":23185,"comment_status":"open","ping_status":"open","sticky":false,"template":"","format":"standard","meta":{"footnotes":""},"categories":[12],"tags":[27],"class_list":{"0":"post-23184","1":"post","2":"type-post","3":"status-publish","4":"format-standard","5":"has-post-thumbnail","7":"category-bota","8":"tag-lajme"},"_links":{"self":[{"href":"https:\/\/neutrale.al\/index.php\/wp-json\/wp\/v2\/posts\/23184","targetHints":{"allow":["GET"]}}],"collection":[{"href":"https:\/\/neutrale.al\/index.php\/wp-json\/wp\/v2\/posts"}],"about":[{"href":"https:\/\/neutrale.al\/index.php\/wp-json\/wp\/v2\/types\/post"}],"author":[{"embeddable":true,"href":"https:\/\/neutrale.al\/index.php\/wp-json\/wp\/v2\/users\/2"}],"replies":[{"embeddable":true,"href":"https:\/\/neutrale.al\/index.php\/wp-json\/wp\/v2\/comments?post=23184"}],"version-history":[{"count":1,"href":"https:\/\/neutrale.al\/index.php\/wp-json\/wp\/v2\/posts\/23184\/revisions"}],"predecessor-version":[{"id":23186,"href":"https:\/\/neutrale.al\/index.php\/wp-json\/wp\/v2\/posts\/23184\/revisions\/23186"}],"wp:featuredmedia":[{"embeddable":true,"href":"https:\/\/neutrale.al\/index.php\/wp-json\/wp\/v2\/media\/23185"}],"wp:attachment":[{"href":"https:\/\/neutrale.al\/index.php\/wp-json\/wp\/v2\/media?parent=23184"}],"wp:term":[{"taxonomy":"category","embeddable":true,"href":"https:\/\/neutrale.al\/index.php\/wp-json\/wp\/v2\/categories?post=23184"},{"taxonomy":"post_tag","embeddable":true,"href":"https:\/\/neutrale.al\/index.php\/wp-json\/wp\/v2\/tags?post=23184"}],"curies":[{"name":"wp","href":"https:\/\/api.w.org\/{rel}","templated":true}]}}