{"id":23135,"date":"2022-10-10T16:07:38","date_gmt":"2022-10-10T16:07:38","guid":{"rendered":"https:\/\/neutrale.al\/?p=23135"},"modified":"2022-10-10T16:07:38","modified_gmt":"2022-10-10T16:07:38","slug":"zgjedhjet-vendore-berisha-takim-me-kreret-e-partive-aleate","status":"publish","type":"post","link":"https:\/\/neutrale.al\/index.php\/2022\/10\/10\/zgjedhjet-vendore-berisha-takim-me-kreret-e-partive-aleate\/","title":{"rendered":"Zgjedhjet vendore\/ Berisha takim me krer\u00ebt e partive aleate."},"content":{"rendered":"<p>N\u00eb selin\u00eb e PD-s\u00eb ka nisur takimi i kreut t\u00eb Partis\u00eb Demokratike, Sali Berisha me  aleat\u00ebt e partive jo parlamentare.<\/p>\n<p>Takimi ka nisur n\u00eb or\u00ebn 17.00, nd\u00ebrsa \u00e7\u00ebshtja kryesore e diskutimit do t\u00eb jet\u00eb dalja me nj\u00eb kandidat t\u00eb p\u00ebrbashk\u00ebt t\u00eb t\u00eb gjitha partive opozitare n\u00eb  zgjedhjet vendore t\u00eb vitit 2023<\/p>\n","protected":false},"excerpt":{"rendered":"<p>N\u00eb selin\u00eb e PD-s\u00eb ka nisur takimi i kreut t\u00eb Partis\u00eb Demokratike, Sali Berisha me aleat\u00ebt e partive jo parlamentare. Takimi ka nisur n\u00eb or\u00ebn 17.00, nd\u00ebrsa \u00e7\u00ebshtja kryesore e diskutimit do t\u00eb jet\u00eb dalja me nj\u00eb kandidat t\u00eb p\u00ebrbashk\u00ebt t\u00eb t\u00eb gjitha partive opozitare n\u00eb zgjedhjet vendore t\u00eb vitit 2023<\/p>\n","protected":false},"author":2,"featured_media":23136,"comment_status":"open","ping_status":"open","sticky":false,"template":"","format":"standard","meta":{"footnotes":""},"categories":[118],"tags":[],"class_list":{"0":"post-23135","1":"post","2":"type-post","3":"status-publish","4":"format-standard","5":"has-post-thumbnail","7":"category-kryesore"},"_links":{"self":[{"href":"https:\/\/neutrale.al\/index.php\/wp-json\/wp\/v2\/posts\/23135","targetHints":{"allow":["GET"]}}],"collection":[{"href":"https:\/\/neutrale.al\/index.php\/wp-json\/wp\/v2\/posts"}],"about":[{"href":"https:\/\/neutrale.al\/index.php\/wp-json\/wp\/v2\/types\/post"}],"author":[{"embeddable":true,"href":"https:\/\/neutrale.al\/index.php\/wp-json\/wp\/v2\/users\/2"}],"replies":[{"embeddable":true,"href":"https:\/\/neutrale.al\/index.php\/wp-json\/wp\/v2\/comments?post=23135"}],"version-history":[{"count":1,"href":"https:\/\/neutrale.al\/index.php\/wp-json\/wp\/v2\/posts\/23135\/revisions"}],"predecessor-version":[{"id":23137,"href":"https:\/\/neutrale.al\/index.php\/wp-json\/wp\/v2\/posts\/23135\/revisions\/23137"}],"wp:featuredmedia":[{"embeddable":true,"href":"https:\/\/neutrale.al\/index.php\/wp-json\/wp\/v2\/media\/23136"}],"wp:attachment":[{"href":"https:\/\/neutrale.al\/index.php\/wp-json\/wp\/v2\/media?parent=23135"}],"wp:term":[{"taxonomy":"category","embeddable":true,"href":"https:\/\/neutrale.al\/index.php\/wp-json\/wp\/v2\/categories?post=23135"},{"taxonomy":"post_tag","embeddable":true,"href":"https:\/\/neutrale.al\/index.php\/wp-json\/wp\/v2\/tags?post=23135"}],"curies":[{"name":"wp","href":"https:\/\/api.w.org\/{rel}","templated":true}]}}