{"id":23122,"date":"2022-10-10T15:35:07","date_gmt":"2022-10-10T15:35:07","guid":{"rendered":"https:\/\/neutrale.al\/?p=23122"},"modified":"2022-10-10T15:35:07","modified_gmt":"2022-10-10T15:35:07","slug":"takimi-me-ambasadorin-e-serbise-meta-mbeshtesim-dialogun-e-ndermjetesuar-nga-bashkimi-evropian-midis-kosoves-dhe-serbise-per-normalizimin-e-marredhenieve-dhe-njohjen-reciproke","status":"publish","type":"post","link":"https:\/\/neutrale.al\/index.php\/2022\/10\/10\/takimi-me-ambasadorin-e-serbise-meta-mbeshtesim-dialogun-e-ndermjetesuar-nga-bashkimi-evropian-midis-kosoves-dhe-serbise-per-normalizimin-e-marredhenieve-dhe-njohjen-reciproke\/","title":{"rendered":"Takimi me Ambasadorin e Serbis\u00eb\/ Meta: Mb\u00ebshtesim dialogun e nd\u00ebrmjet\u00ebsuar nga Bashkimi Evropian, midis Kosov\u00ebs dhe Serbis\u00eb, p\u00ebr normalizimin e marr\u00ebdh\u00ebnieve dhe njohjen reciproke."},"content":{"rendered":"<p>Kreu i Partis\u00eb s\u00eb Liris\u00eb, Ilir Meta, ka pritur sot n\u00eb nj\u00eb takim Ambasadorin e Republik\u00ebs s\u00eb Serbis\u00eb n\u00eb Tiran\u00eb, Slobodan Vuk\u010devi\u0107. Theksova angazhimin e Partis\u00eb s\u00eb Liris\u00eb p\u00ebr marr\u00ebdh\u00ebnie bashk\u00ebpunimi institucionale dhe konkrete me interes reciprok, midis Shqip\u00ebris\u00eb dhe Serbis\u00eb, shkruan Meta n\u00eb &#8220;Facebook&#8221;<\/p>\n<p>Ja postimi:<\/p>\n<p>Prita sot n\u00eb nj\u00eb takim Ambasadorin e Republik\u00ebs s\u00eb Serbis\u00eb n\u00eb Tiran\u00eb, Slobodan Vuk\u010devi\u0107. Theksova angazhimin e Partis\u00eb s\u00eb Liris\u00eb p\u00ebr marr\u00ebdh\u00ebnie bashk\u00ebpunimi institucionale dhe konkrete me interes reciprok, midis Shqip\u00ebris\u00eb dhe Serbis\u00eb, si edhe n\u00eb kuad\u00ebr t\u00eb bashk\u00ebpunimit rajonal dhe integrimit europian.<br \/>\nPartia e Liris\u00eb mb\u00ebshtet n\u00eb ve\u00e7anti bashk\u00ebpunimin rajonal n\u00eb kuad\u00ebr t\u00eb Procesit t\u00eb Berlinit, duke e konsideruar si nj\u00eb baz\u00eb solide p\u00ebr nj\u00eb integrim t\u00eb v\u00ebrtet\u00eb t\u00eb t\u00eb gjasht\u00eb vendeve t\u00eb rajonit, sipas modelit europian, mes vetes dhe n\u00eb BE.<br \/>\nPartia e Liris\u00eb n\u00ebnvizon nevoj\u00ebn p\u00ebr respektimin e t\u00eb drejtave t\u00eb plota t\u00eb shqiptar\u00ebve n\u00eb Medvegj\u00eb, Bujanovc e Preshev\u00eb, dhe i b\u00ebn thirrje t\u00eb gjith\u00eb shqiptar\u00ebve q\u00eb jetojn\u00eb n\u00eb Serbi, t\u00eb marrin pjes\u00eb n\u00eb regjistrimin e popullsis\u00eb q\u00eb zhvillohet atje.<br \/>\nPartia e Liris\u00eb mb\u00ebshtet dialogun e nd\u00ebrmjet\u00ebsuar nga Bashkimi Evropian, midis Kosov\u00ebs dhe Serbis\u00eb, p\u00ebr normalizimin e marr\u00ebdh\u00ebnieve dhe njohjen reciproke midis dy shteteve.<br \/>\nPartia e Liris\u00eb \u00ebsht\u00eb e bindur se e ardhmja e rajonit ton\u00eb \u00ebsht\u00eb e sigurt\u00eb dhe me prosperitet p\u00ebr t\u00eb gjith\u00eb qytetar\u00ebt tan\u00eb, vet\u00ebm si pjes\u00eb e Bashkimit Europian.<\/p>\n","protected":false},"excerpt":{"rendered":"<p>Kreu i Partis\u00eb s\u00eb Liris\u00eb, Ilir Meta, ka pritur sot n\u00eb nj\u00eb takim Ambasadorin e Republik\u00ebs s\u00eb Serbis\u00eb n\u00eb Tiran\u00eb, Slobodan Vuk\u010devi\u0107. Theksova angazhimin e Partis\u00eb s\u00eb Liris\u00eb p\u00ebr marr\u00ebdh\u00ebnie bashk\u00ebpunimi institucionale dhe konkrete me interes reciprok, midis Shqip\u00ebris\u00eb dhe Serbis\u00eb, shkruan Meta n\u00eb &#8220;Facebook&#8221; Ja postimi: Prita sot n\u00eb nj\u00eb takim Ambasadorin e Republik\u00ebs [&hellip;]<\/p>\n","protected":false},"author":2,"featured_media":23123,"comment_status":"open","ping_status":"open","sticky":false,"template":"","format":"standard","meta":{"footnotes":""},"categories":[118],"tags":[],"class_list":{"0":"post-23122","1":"post","2":"type-post","3":"status-publish","4":"format-standard","5":"has-post-thumbnail","7":"category-kryesore"},"_links":{"self":[{"href":"https:\/\/neutrale.al\/index.php\/wp-json\/wp\/v2\/posts\/23122","targetHints":{"allow":["GET"]}}],"collection":[{"href":"https:\/\/neutrale.al\/index.php\/wp-json\/wp\/v2\/posts"}],"about":[{"href":"https:\/\/neutrale.al\/index.php\/wp-json\/wp\/v2\/types\/post"}],"author":[{"embeddable":true,"href":"https:\/\/neutrale.al\/index.php\/wp-json\/wp\/v2\/users\/2"}],"replies":[{"embeddable":true,"href":"https:\/\/neutrale.al\/index.php\/wp-json\/wp\/v2\/comments?post=23122"}],"version-history":[{"count":1,"href":"https:\/\/neutrale.al\/index.php\/wp-json\/wp\/v2\/posts\/23122\/revisions"}],"predecessor-version":[{"id":23124,"href":"https:\/\/neutrale.al\/index.php\/wp-json\/wp\/v2\/posts\/23122\/revisions\/23124"}],"wp:featuredmedia":[{"embeddable":true,"href":"https:\/\/neutrale.al\/index.php\/wp-json\/wp\/v2\/media\/23123"}],"wp:attachment":[{"href":"https:\/\/neutrale.al\/index.php\/wp-json\/wp\/v2\/media?parent=23122"}],"wp:term":[{"taxonomy":"category","embeddable":true,"href":"https:\/\/neutrale.al\/index.php\/wp-json\/wp\/v2\/categories?post=23122"},{"taxonomy":"post_tag","embeddable":true,"href":"https:\/\/neutrale.al\/index.php\/wp-json\/wp\/v2\/tags?post=23122"}],"curies":[{"name":"wp","href":"https:\/\/api.w.org\/{rel}","templated":true}]}}