{"id":23099,"date":"2022-10-10T10:48:40","date_gmt":"2022-10-10T10:48:40","guid":{"rendered":"https:\/\/neutrale.al\/?p=23099"},"modified":"2022-10-10T10:48:40","modified_gmt":"2022-10-10T10:48:40","slug":"50-vjetori-i-themelimit-te-akademise-se-shkencave-i-pranishem-kryeministri-rama","status":"publish","type":"post","link":"https:\/\/neutrale.al\/index.php\/2022\/10\/10\/50-vjetori-i-themelimit-te-akademise-se-shkencave-i-pranishem-kryeministri-rama\/","title":{"rendered":"50-vjetori i themelimit t\u00eb Akademis\u00eb s\u00eb Shkencave\/ I pranish\u00ebm kryeministri Rama"},"content":{"rendered":"<p>Kryeministri Edi Rama ka marr\u00eb pjes\u00eb sot n\u00eb 50-vjetorin e themelimit t\u00eb Akademis\u00eb s\u00eb Shkencave.<\/p>\n<p>Ai ka p\u00ebrcjell\u00eb mesazhin:<\/p>\n<p>\ud83d\udccdKuvend &#8211; Konferenc\u00eb jubilare kushtuar 50-vjetorit t\u00eb themelimit t\u00eb Akademis\u00eb s\u00eb Shkencave, nj\u00eb moment i r\u00ebnd\u00ebsish\u00ebm p\u00ebr t\u00eb nderuar themeluesit si dhe mb\u00ebshtetur veprimtarin\u00eb e institucionit m\u00eb t\u00eb r\u00ebnd\u00ebsish\u00ebm shkencor t\u00eb Republik\u00ebs s\u00eb Shqip\u00ebris\u00eb\ud83c\udde6\ud83c\uddf1<\/p>\n","protected":false},"excerpt":{"rendered":"<p>Kryeministri Edi Rama ka marr\u00eb pjes\u00eb sot n\u00eb 50-vjetorin e themelimit t\u00eb Akademis\u00eb s\u00eb Shkencave. Ai ka p\u00ebrcjell\u00eb mesazhin: \ud83d\udccdKuvend &#8211; Konferenc\u00eb jubilare kushtuar 50-vjetorit t\u00eb themelimit t\u00eb Akademis\u00eb s\u00eb Shkencave, nj\u00eb moment i r\u00ebnd\u00ebsish\u00ebm p\u00ebr t\u00eb nderuar themeluesit si dhe mb\u00ebshtetur veprimtarin\u00eb e institucionit m\u00eb t\u00eb r\u00ebnd\u00ebsish\u00ebm shkencor t\u00eb Republik\u00ebs s\u00eb Shqip\u00ebris\u00eb\ud83c\udde6\ud83c\uddf1<\/p>\n","protected":false},"author":2,"featured_media":23100,"comment_status":"open","ping_status":"open","sticky":false,"template":"","format":"standard","meta":{"footnotes":""},"categories":[118],"tags":[],"class_list":{"0":"post-23099","1":"post","2":"type-post","3":"status-publish","4":"format-standard","5":"has-post-thumbnail","7":"category-kryesore"},"_links":{"self":[{"href":"https:\/\/neutrale.al\/index.php\/wp-json\/wp\/v2\/posts\/23099","targetHints":{"allow":["GET"]}}],"collection":[{"href":"https:\/\/neutrale.al\/index.php\/wp-json\/wp\/v2\/posts"}],"about":[{"href":"https:\/\/neutrale.al\/index.php\/wp-json\/wp\/v2\/types\/post"}],"author":[{"embeddable":true,"href":"https:\/\/neutrale.al\/index.php\/wp-json\/wp\/v2\/users\/2"}],"replies":[{"embeddable":true,"href":"https:\/\/neutrale.al\/index.php\/wp-json\/wp\/v2\/comments?post=23099"}],"version-history":[{"count":1,"href":"https:\/\/neutrale.al\/index.php\/wp-json\/wp\/v2\/posts\/23099\/revisions"}],"predecessor-version":[{"id":23101,"href":"https:\/\/neutrale.al\/index.php\/wp-json\/wp\/v2\/posts\/23099\/revisions\/23101"}],"wp:featuredmedia":[{"embeddable":true,"href":"https:\/\/neutrale.al\/index.php\/wp-json\/wp\/v2\/media\/23100"}],"wp:attachment":[{"href":"https:\/\/neutrale.al\/index.php\/wp-json\/wp\/v2\/media?parent=23099"}],"wp:term":[{"taxonomy":"category","embeddable":true,"href":"https:\/\/neutrale.al\/index.php\/wp-json\/wp\/v2\/categories?post=23099"},{"taxonomy":"post_tag","embeddable":true,"href":"https:\/\/neutrale.al\/index.php\/wp-json\/wp\/v2\/tags?post=23099"}],"curies":[{"name":"wp","href":"https:\/\/api.w.org\/{rel}","templated":true}]}}