{"id":23084,"date":"2022-10-10T09:33:37","date_gmt":"2022-10-10T09:33:37","guid":{"rendered":"https:\/\/neutrale.al\/?p=23084"},"modified":"2022-10-10T09:33:37","modified_gmt":"2022-10-10T09:33:37","slug":"ministrja-ibrahimaj-papunesia-ka-zbritur-ne-11-3-parashikohet-rritje-ekonomike-3-7-per-kete-vit","status":"publish","type":"post","link":"https:\/\/neutrale.al\/index.php\/2022\/10\/10\/ministrja-ibrahimaj-papunesia-ka-zbritur-ne-11-3-parashikohet-rritje-ekonomike-3-7-per-kete-vit\/","title":{"rendered":"Ministrja Ibrahimaj: Papun\u00ebsia ka zbritur n\u00eb 11.3%, parashikohet rritje ekonomike 3.7% p\u00ebr k\u00ebt\u00eb vit"},"content":{"rendered":"<p>Ministrja e Financave, Delina Ibrahimaj, Guvernatori i Bank\u00ebs, Genti Sejko dhe p\u00ebrfaq\u00ebsues t\u00eb Misionit t\u00eb FMN po zhvillojn\u00eb nj\u00eb konferenc\u00eb p\u00ebr mediat k\u00ebt\u00eb t\u00eb h\u00ebn\u00eb.<\/p>\n<p>Gjat\u00eb fjal\u00ebs s\u00eb saj ministrja Ibrahimaj tha se inflacioni i lart\u00eb ka ardhur si pasoj\u00eb e Luft\u00ebs n\u00eb Ukrain\u00eb.<\/p>\n<p>Sipas Ibrahimajt rritja ekonomike n\u00eb gjysm\u00ebn e par\u00eb t\u00eb vitit 2022, ishte n\u00eb nivelin 4.2%. Ajo shtoi se rritja ekonomike n\u00eb vitin 2022, parashikohet t\u00eb jet\u00eb n\u00eb nivelin 3.7% nga 3.2% q\u00eb ishte parashikuar.<\/p>\n<p>&#8220;Sa i p\u00ebrket zhvillimeve t\u00eb fundit ekonomike, goditja globale nga kahu i ofert\u00ebs p\u00ebr furnizimit me energji dhe mallrat e tjer\u00eb baz\u00eb, shkaktuar nga lufta n\u00eb Ukrain\u00eb, ka pasur dhe do t\u00eb ket\u00eb nj\u00eb ndikim negativ. Megjithat\u00eb, deri tani ekonomia e ka p\u00ebrballuar relativisht mir\u00eb k\u00ebt\u00eb goditje.<\/p>\n<p>Rritja ekonomike n\u00eb gjysm\u00ebn e par\u00eb t\u00eb vitit 2022, ishte relativisht e fort\u00eb, n\u00eb nivelin 4.2%, e gjeneruar kryesisht nga k\u00ebrkesa e brendshme dhe k\u00ebrkesa e huaj neto. Papun\u00ebsia, gjat\u00eb gjysm\u00ebs s\u00eb par\u00eb t\u00eb vitit u ul n\u00eb 11.3%, nd\u00ebrsa pun\u00ebsimi u rrit me 4.3% n\u00eb krahasim me nj\u00eb vit m\u00eb par\u00eb. Parashikojm\u00eb q\u00eb rritja ekonomike p\u00ebr vitin 2022 t\u00eb jet\u00eb 3.7%, nga 3.2% q\u00eb ishte parashikuar m\u00eb shum\u00eb\u2019, tha ministrja.<\/p>\n<p>Konferenca vazhdon<\/p>\n","protected":false},"excerpt":{"rendered":"<p>Ministrja e Financave, Delina Ibrahimaj, Guvernatori i Bank\u00ebs, Genti Sejko dhe p\u00ebrfaq\u00ebsues t\u00eb Misionit t\u00eb FMN po zhvillojn\u00eb nj\u00eb konferenc\u00eb p\u00ebr mediat k\u00ebt\u00eb t\u00eb h\u00ebn\u00eb. Gjat\u00eb fjal\u00ebs s\u00eb saj ministrja Ibrahimaj tha se inflacioni i lart\u00eb ka ardhur si pasoj\u00eb e Luft\u00ebs n\u00eb Ukrain\u00eb. Sipas Ibrahimajt rritja ekonomike n\u00eb gjysm\u00ebn e par\u00eb t\u00eb vitit 2022, [&hellip;]<\/p>\n","protected":false},"author":2,"featured_media":23085,"comment_status":"open","ping_status":"open","sticky":false,"template":"","format":"standard","meta":{"footnotes":""},"categories":[10,118],"tags":[],"class_list":{"0":"post-23084","1":"post","2":"type-post","3":"status-publish","4":"format-standard","5":"has-post-thumbnail","7":"category-ekonomia","8":"category-kryesore"},"_links":{"self":[{"href":"https:\/\/neutrale.al\/index.php\/wp-json\/wp\/v2\/posts\/23084","targetHints":{"allow":["GET"]}}],"collection":[{"href":"https:\/\/neutrale.al\/index.php\/wp-json\/wp\/v2\/posts"}],"about":[{"href":"https:\/\/neutrale.al\/index.php\/wp-json\/wp\/v2\/types\/post"}],"author":[{"embeddable":true,"href":"https:\/\/neutrale.al\/index.php\/wp-json\/wp\/v2\/users\/2"}],"replies":[{"embeddable":true,"href":"https:\/\/neutrale.al\/index.php\/wp-json\/wp\/v2\/comments?post=23084"}],"version-history":[{"count":1,"href":"https:\/\/neutrale.al\/index.php\/wp-json\/wp\/v2\/posts\/23084\/revisions"}],"predecessor-version":[{"id":23086,"href":"https:\/\/neutrale.al\/index.php\/wp-json\/wp\/v2\/posts\/23084\/revisions\/23086"}],"wp:featuredmedia":[{"embeddable":true,"href":"https:\/\/neutrale.al\/index.php\/wp-json\/wp\/v2\/media\/23085"}],"wp:attachment":[{"href":"https:\/\/neutrale.al\/index.php\/wp-json\/wp\/v2\/media?parent=23084"}],"wp:term":[{"taxonomy":"category","embeddable":true,"href":"https:\/\/neutrale.al\/index.php\/wp-json\/wp\/v2\/categories?post=23084"},{"taxonomy":"post_tag","embeddable":true,"href":"https:\/\/neutrale.al\/index.php\/wp-json\/wp\/v2\/tags?post=23084"}],"curies":[{"name":"wp","href":"https:\/\/api.w.org\/{rel}","templated":true}]}}