{"id":22904,"date":"2022-10-08T14:41:48","date_gmt":"2022-10-08T14:41:48","guid":{"rendered":"https:\/\/neutrale.al\/?p=22904"},"modified":"2022-10-08T14:41:48","modified_gmt":"2022-10-08T14:41:48","slug":"greqi-permbyset-traktori-humb-jeten-4-vjecari-shqiptar","status":"publish","type":"post","link":"https:\/\/neutrale.al\/index.php\/2022\/10\/08\/greqi-permbyset-traktori-humb-jeten-4-vjecari-shqiptar\/","title":{"rendered":"Greqi\/ P\u00ebrmbyset traktori humb jet\u00ebn 4-vje\u00e7ari shqiptar."},"content":{"rendered":"<p>Tragjedia ka goditur nj\u00eb familje shqiptare n\u00eb Greqi, ku ka humbur jet\u00ebn nj\u00eb vog\u00eblush q\u00eb shoq\u00ebronte babain n\u00eb traktorin me t\u00eb cilin punonte.<\/p>\n<p>Ngjarja e r\u00ebnd\u00eb ka ndodhur n\u00eb Lefkada t\u00eb Greqis\u00eb mbr\u00ebmjen e s\u00eb premtes, ku si pasoj\u00eb e nj\u00eb aksidenti ka humbur jet\u00ebn nj\u00eb 4-vje\u00e7ar.<\/p>\n<p>Sipas medias greke, i mituri ndodhej n\u00eb nj\u00eb traktor q\u00eb drejtohej nga i ati kur p\u00ebr arsye ende t\u00eb paqarta, mjeti ka dal\u00eb nga rruga dhe \u00ebsht\u00eb p\u00ebrmbysur.<\/p>\n<p>Ngjarja ndodhi n\u00eb nj\u00eb rrug\u00eb t\u00eb v\u00ebshtir\u00eb malore n\u00eb Syvrou Karyas.<\/p>\n<p>Nd\u00ebrkoh\u00eb, t\u00eb plagosur kan\u00eb mbetur dhe drejtuesi i mjetit s\u00eb bashku me nipin e tij 16-vje\u00e7ar.<\/p>\n<p>N\u00eb vendngjarje mb\u00ebrrit\u00ebn dy autoambulanca, por fatkeq\u00ebsisht, 4-vje\u00e7ari nuk mundi t\u00eb mbijetoj\u00eb.<\/p>\n","protected":false},"excerpt":{"rendered":"<p>Tragjedia ka goditur nj\u00eb familje shqiptare n\u00eb Greqi, ku ka humbur jet\u00ebn nj\u00eb vog\u00eblush q\u00eb shoq\u00ebronte babain n\u00eb traktorin me t\u00eb cilin punonte. Ngjarja e r\u00ebnd\u00eb ka ndodhur n\u00eb Lefkada t\u00eb Greqis\u00eb mbr\u00ebmjen e s\u00eb premtes, ku si pasoj\u00eb e nj\u00eb aksidenti ka humbur jet\u00ebn nj\u00eb 4-vje\u00e7ar. Sipas medias greke, i mituri ndodhej n\u00eb nj\u00eb [&hellip;]<\/p>\n","protected":false},"author":2,"featured_media":22905,"comment_status":"open","ping_status":"open","sticky":false,"template":"","format":"standard","meta":{"footnotes":""},"categories":[6],"tags":[27],"class_list":{"0":"post-22904","1":"post","2":"type-post","3":"status-publish","4":"format-standard","5":"has-post-thumbnail","7":"category-rajoni","8":"tag-lajme"},"_links":{"self":[{"href":"https:\/\/neutrale.al\/index.php\/wp-json\/wp\/v2\/posts\/22904","targetHints":{"allow":["GET"]}}],"collection":[{"href":"https:\/\/neutrale.al\/index.php\/wp-json\/wp\/v2\/posts"}],"about":[{"href":"https:\/\/neutrale.al\/index.php\/wp-json\/wp\/v2\/types\/post"}],"author":[{"embeddable":true,"href":"https:\/\/neutrale.al\/index.php\/wp-json\/wp\/v2\/users\/2"}],"replies":[{"embeddable":true,"href":"https:\/\/neutrale.al\/index.php\/wp-json\/wp\/v2\/comments?post=22904"}],"version-history":[{"count":1,"href":"https:\/\/neutrale.al\/index.php\/wp-json\/wp\/v2\/posts\/22904\/revisions"}],"predecessor-version":[{"id":22906,"href":"https:\/\/neutrale.al\/index.php\/wp-json\/wp\/v2\/posts\/22904\/revisions\/22906"}],"wp:featuredmedia":[{"embeddable":true,"href":"https:\/\/neutrale.al\/index.php\/wp-json\/wp\/v2\/media\/22905"}],"wp:attachment":[{"href":"https:\/\/neutrale.al\/index.php\/wp-json\/wp\/v2\/media?parent=22904"}],"wp:term":[{"taxonomy":"category","embeddable":true,"href":"https:\/\/neutrale.al\/index.php\/wp-json\/wp\/v2\/categories?post=22904"},{"taxonomy":"post_tag","embeddable":true,"href":"https:\/\/neutrale.al\/index.php\/wp-json\/wp\/v2\/tags?post=22904"}],"curies":[{"name":"wp","href":"https:\/\/api.w.org\/{rel}","templated":true}]}}