{"id":22897,"date":"2022-10-08T14:20:17","date_gmt":"2022-10-08T14:20:17","guid":{"rendered":"https:\/\/neutrale.al\/?p=22897"},"modified":"2022-10-08T14:20:17","modified_gmt":"2022-10-08T14:20:17","slug":"veliaj-me-kreun-e-komunes-ulqin-tirana-do-te-jete-gjithmone-nje-mbeshtetese-e-komunave-shqiptare-ne-rajon","status":"publish","type":"post","link":"https:\/\/neutrale.al\/index.php\/2022\/10\/08\/veliaj-me-kreun-e-komunes-ulqin-tirana-do-te-jete-gjithmone-nje-mbeshtetese-e-komunave-shqiptare-ne-rajon\/","title":{"rendered":"Veliaj me kreun e komun\u00ebs Ulqin\/ Tirana do t\u00eb jet\u00eb gjithmon\u00eb nj\u00eb mb\u00ebshtet\u00ebse e komunave shqiptare n\u00eb rajon."},"content":{"rendered":"<p>Kryebashkiaku Erion Veliaj ka pritur sot kryetarin e komun\u00ebs Ulqin, Omer Bajraktari.<\/p>\n<p>Veliaj u shpreh se, e sigurova Bajraktarin p\u00ebr ndihm\u00eb n\u00eb rijet\u00ebzimin e projekteve t\u00eb infrastruktur\u00ebs, si\u00e7 po b\u00ebjm\u00eb me Tuzin dhe Preshev\u00ebn.<\/p>\n<p>Ja postimi i Veliaj:<\/p>\n<p>Shum\u00eb i lumtur q\u00eb prita kreun e ri t\u00eb Komun\u00ebs s\u00eb Ulqinit\ud83d\udccd, Omer Bajraktari, t\u00eb cilin e sigurova se Tirana do t\u00eb jet\u00eb gjithmon\u00eb nj\u00eb mb\u00ebshtet\u00ebse e komunave shqiptare\ud83c\udde6\ud83c\uddf1 n\u00eb rajon.<\/p>\n<p>M\u00eb vjen mir\u00eb q\u00eb ai e mir\u00ebpriti d\u00ebshir\u00ebn p\u00ebr ndihm\u00eb n\u00eb rijet\u00ebzimin e projekteve t\u00eb infrastruktur\u00ebs, si\u00e7 po b\u00ebjm\u00eb me Tuzin dhe Preshev\u00ebn\ud83e\udd1d. Bashk\u00eb\ud83d\ude4f!<\/p>\n","protected":false},"excerpt":{"rendered":"<p>Kryebashkiaku Erion Veliaj ka pritur sot kryetarin e komun\u00ebs Ulqin, Omer Bajraktari. Veliaj u shpreh se, e sigurova Bajraktarin p\u00ebr ndihm\u00eb n\u00eb rijet\u00ebzimin e projekteve t\u00eb infrastruktur\u00ebs, si\u00e7 po b\u00ebjm\u00eb me Tuzin dhe Preshev\u00ebn. Ja postimi i Veliaj: Shum\u00eb i lumtur q\u00eb prita kreun e ri t\u00eb Komun\u00ebs s\u00eb Ulqinit\ud83d\udccd, Omer Bajraktari, t\u00eb cilin e [&hellip;]<\/p>\n","protected":false},"author":2,"featured_media":22898,"comment_status":"open","ping_status":"open","sticky":false,"template":"","format":"standard","meta":{"footnotes":""},"categories":[118],"tags":[],"class_list":{"0":"post-22897","1":"post","2":"type-post","3":"status-publish","4":"format-standard","5":"has-post-thumbnail","7":"category-kryesore"},"_links":{"self":[{"href":"https:\/\/neutrale.al\/index.php\/wp-json\/wp\/v2\/posts\/22897","targetHints":{"allow":["GET"]}}],"collection":[{"href":"https:\/\/neutrale.al\/index.php\/wp-json\/wp\/v2\/posts"}],"about":[{"href":"https:\/\/neutrale.al\/index.php\/wp-json\/wp\/v2\/types\/post"}],"author":[{"embeddable":true,"href":"https:\/\/neutrale.al\/index.php\/wp-json\/wp\/v2\/users\/2"}],"replies":[{"embeddable":true,"href":"https:\/\/neutrale.al\/index.php\/wp-json\/wp\/v2\/comments?post=22897"}],"version-history":[{"count":1,"href":"https:\/\/neutrale.al\/index.php\/wp-json\/wp\/v2\/posts\/22897\/revisions"}],"predecessor-version":[{"id":22899,"href":"https:\/\/neutrale.al\/index.php\/wp-json\/wp\/v2\/posts\/22897\/revisions\/22899"}],"wp:featuredmedia":[{"embeddable":true,"href":"https:\/\/neutrale.al\/index.php\/wp-json\/wp\/v2\/media\/22898"}],"wp:attachment":[{"href":"https:\/\/neutrale.al\/index.php\/wp-json\/wp\/v2\/media?parent=22897"}],"wp:term":[{"taxonomy":"category","embeddable":true,"href":"https:\/\/neutrale.al\/index.php\/wp-json\/wp\/v2\/categories?post=22897"},{"taxonomy":"post_tag","embeddable":true,"href":"https:\/\/neutrale.al\/index.php\/wp-json\/wp\/v2\/tags?post=22897"}],"curies":[{"name":"wp","href":"https:\/\/api.w.org\/{rel}","templated":true}]}}