{"id":22864,"date":"2022-10-08T08:21:20","date_gmt":"2022-10-08T08:21:20","guid":{"rendered":"https:\/\/neutrale.al\/?p=22864"},"modified":"2022-10-08T08:21:20","modified_gmt":"2022-10-08T08:21:20","slug":"pa-punetoret-e-ballkanit-ndertimtaria-ne-gjermani-paralizohet","status":"publish","type":"post","link":"https:\/\/neutrale.al\/index.php\/2022\/10\/08\/pa-punetoret-e-ballkanit-ndertimtaria-ne-gjermani-paralizohet\/","title":{"rendered":"Pa pun\u00ebtor\u00ebt e Ballkanit nd\u00ebrtimtaria n\u00eb Gjermani paralizohet"},"content":{"rendered":"<p>Kreu i zejtaris\u00eb gjermane, Hans Peter Wollseifer k\u00ebrkon viza m\u00eb t\u00eb shpejta p\u00ebr pun\u00ebtor\u00ebt nga Ballkani. Pa ta nuk do t\u00eb ngrihej asnj\u00eb nd\u00ebrtes\u00eb betoni m\u00eb n\u00eb Gjermani.<\/p>\n<p>Politika nuk e ka arritur q\u00ebllimin p\u00ebr leht\u00ebsimin e tregut t\u00eb pun\u00ebs, ka kritikuar presidenti i Shoqat\u00ebs Qendrore t\u00eb Zejtaris\u00eb Gjermane, Hans Peter Wollseifer. &#8220;Kur njer\u00ebzit nga Ballkani duan t\u00eb vijn\u00eb n\u00eb Gjermani, kjo mund t\u00eb zgjas\u00eb me vite derisa ata t\u00eb marrin nj\u00eb viz\u00eb.&#8221; Por pik\u00ebrisht k\u00ebta njer\u00ebz nga Ballkani na duhen urgjentisht sidomos n\u00eb fush\u00ebn e nd\u00ebrtimit, ka theksuar Wollseifer. Dihet se sektori i nd\u00ebrtimit ka mjaft v\u00ebshtir\u00ebsi p\u00ebr shkak t\u00eb munges\u00ebs pun\u00ebtor\u00ebve gjermane. &#8220;Pa pun\u00ebtor\u00ebt hekurpunues nga Ballkani n\u00eb nd\u00ebrtim nuk do t\u00eb ngrihej m\u00eb asnj\u00eb nd\u00ebrtes\u00eb betoni n\u00eb Gjermani&#8221;, sipas kreut t\u00eb zejtaris\u00eb gjermane.<\/p>\n<p>Kritika p\u00ebr zyrat e t\u00eb huajve<\/p>\n<p>Wollseifer ka kritikuar autoritetet gjermane t\u00eb dh\u00ebnies s\u00eb vizave p\u00ebr m\u00ebnyr\u00ebn e veprimit n\u00eb dh\u00ebnien e viz\u00ebs p\u00ebr migrant\u00ebt e pun\u00ebs. &#8220;Zyrat e t\u00eb huajve veprojn\u00eb shum\u00eb shpesh si autoritete t\u00eb mospranimit t\u00eb t\u00eb huajve. Por ato duhet t\u00eb jen\u00eb qendra t\u00eb mir\u00ebseardhjes. K\u00ebt\u00eb frym\u00eb p\u00ebr fat t\u00eb keq e p\u00ebrjetojn\u00eb shum\u00eb pak zyra&#8221;, tha ai p\u00ebr gazetat gjermane t\u00eb Mediengruppe Bayern n\u00eb fundjav\u00eb. &#8220;Ne kemi nevoj\u00eb p\u00ebr fuqi t\u00eb huaj pun\u00ebtore nga jasht\u00eb. P\u00ebr fat t\u00eb keq q\u00eb nga hyrja n\u00eb fuqi e ligjit t\u00eb fuqis\u00eb s\u00eb kualifikuar pun\u00ebtore para tre vitesh vijn\u00eb m\u00eb pak pun\u00ebtor\u00eb se sa kishim menduar ne&#8221;, ka theksuar Wollseifer.Corona ka luajtur rol n\u00eb trendin e ardhjes s\u00eb pun\u00ebtor\u00ebve nga jasht\u00eb, por ende nuk \u00ebsht\u00eb leht\u00ebsuar sa duhet tregu i pun\u00ebs. DW<\/p>\n","protected":false},"excerpt":{"rendered":"<p>Kreu i zejtaris\u00eb gjermane, Hans Peter Wollseifer k\u00ebrkon viza m\u00eb t\u00eb shpejta p\u00ebr pun\u00ebtor\u00ebt nga Ballkani. Pa ta nuk do t\u00eb ngrihej asnj\u00eb nd\u00ebrtes\u00eb betoni m\u00eb n\u00eb Gjermani. Politika nuk e ka arritur q\u00ebllimin p\u00ebr leht\u00ebsimin e tregut t\u00eb pun\u00ebs, ka kritikuar presidenti i Shoqat\u00ebs Qendrore t\u00eb Zejtaris\u00eb Gjermane, Hans Peter Wollseifer. &#8220;Kur njer\u00ebzit nga [&hellip;]<\/p>\n","protected":false},"author":2,"featured_media":22865,"comment_status":"open","ping_status":"open","sticky":false,"template":"","format":"standard","meta":{"footnotes":""},"categories":[12],"tags":[27],"class_list":{"0":"post-22864","1":"post","2":"type-post","3":"status-publish","4":"format-standard","5":"has-post-thumbnail","7":"category-bota","8":"tag-lajme"},"_links":{"self":[{"href":"https:\/\/neutrale.al\/index.php\/wp-json\/wp\/v2\/posts\/22864","targetHints":{"allow":["GET"]}}],"collection":[{"href":"https:\/\/neutrale.al\/index.php\/wp-json\/wp\/v2\/posts"}],"about":[{"href":"https:\/\/neutrale.al\/index.php\/wp-json\/wp\/v2\/types\/post"}],"author":[{"embeddable":true,"href":"https:\/\/neutrale.al\/index.php\/wp-json\/wp\/v2\/users\/2"}],"replies":[{"embeddable":true,"href":"https:\/\/neutrale.al\/index.php\/wp-json\/wp\/v2\/comments?post=22864"}],"version-history":[{"count":1,"href":"https:\/\/neutrale.al\/index.php\/wp-json\/wp\/v2\/posts\/22864\/revisions"}],"predecessor-version":[{"id":22866,"href":"https:\/\/neutrale.al\/index.php\/wp-json\/wp\/v2\/posts\/22864\/revisions\/22866"}],"wp:featuredmedia":[{"embeddable":true,"href":"https:\/\/neutrale.al\/index.php\/wp-json\/wp\/v2\/media\/22865"}],"wp:attachment":[{"href":"https:\/\/neutrale.al\/index.php\/wp-json\/wp\/v2\/media?parent=22864"}],"wp:term":[{"taxonomy":"category","embeddable":true,"href":"https:\/\/neutrale.al\/index.php\/wp-json\/wp\/v2\/categories?post=22864"},{"taxonomy":"post_tag","embeddable":true,"href":"https:\/\/neutrale.al\/index.php\/wp-json\/wp\/v2\/tags?post=22864"}],"curies":[{"name":"wp","href":"https:\/\/api.w.org\/{rel}","templated":true}]}}