{"id":22758,"date":"2022-10-07T09:27:06","date_gmt":"2022-10-07T09:27:06","guid":{"rendered":"https:\/\/neutrale.al\/?p=22758"},"modified":"2022-10-07T09:27:06","modified_gmt":"2022-10-07T09:27:06","slug":"stokholm-shpallet-nobeli-i-paqes-nje-individ-dhe-dy-organizata-jane-perfitues-te-cmimit","status":"publish","type":"post","link":"https:\/\/neutrale.al\/index.php\/2022\/10\/07\/stokholm-shpallet-nobeli-i-paqes-nje-individ-dhe-dy-organizata-jane-perfitues-te-cmimit\/","title":{"rendered":"Stokholm\/Shpallet Nobeli i Paqes, nj\u00eb individ dhe dy organizata jan\u00eb p\u00ebrfitues t\u00eb \u00e7mimit"},"content":{"rendered":"<p>\u00c7mimi Nobel p\u00ebr Paqe i \u00ebsht\u00eb dh\u00ebn\u00eb nj\u00eb individi dhe dy organizatave.<\/p>\n<p>Ales Bialiatski, avokat i t\u00eb drejtave t\u00eb njeriut nga Bjellorusia \u00ebsht\u00eb n\u00ebri nga ata q\u00eb merr \u00e7mimin s\u00eb bashku me organizat\u00ebn ruse t\u00eb t\u00eb drejtave t\u00eb njeriut Memorial dhe organizat\u00ebn ukrainase t\u00eb t\u00eb drejtave t\u00eb njeriut Qendra p\u00ebr Lirit\u00eb Civile.<\/p>\n","protected":false},"excerpt":{"rendered":"<p>\u00c7mimi Nobel p\u00ebr Paqe i \u00ebsht\u00eb dh\u00ebn\u00eb nj\u00eb individi dhe dy organizatave. Ales Bialiatski, avokat i t\u00eb drejtave t\u00eb njeriut nga Bjellorusia \u00ebsht\u00eb n\u00ebri nga ata q\u00eb merr \u00e7mimin s\u00eb bashku me organizat\u00ebn ruse t\u00eb t\u00eb drejtave t\u00eb njeriut Memorial dhe organizat\u00ebn ukrainase t\u00eb t\u00eb drejtave t\u00eb njeriut Qendra p\u00ebr Lirit\u00eb Civile.<\/p>\n","protected":false},"author":2,"featured_media":22759,"comment_status":"open","ping_status":"open","sticky":false,"template":"","format":"standard","meta":{"footnotes":""},"categories":[118],"tags":[],"class_list":{"0":"post-22758","1":"post","2":"type-post","3":"status-publish","4":"format-standard","5":"has-post-thumbnail","7":"category-kryesore"},"_links":{"self":[{"href":"https:\/\/neutrale.al\/index.php\/wp-json\/wp\/v2\/posts\/22758","targetHints":{"allow":["GET"]}}],"collection":[{"href":"https:\/\/neutrale.al\/index.php\/wp-json\/wp\/v2\/posts"}],"about":[{"href":"https:\/\/neutrale.al\/index.php\/wp-json\/wp\/v2\/types\/post"}],"author":[{"embeddable":true,"href":"https:\/\/neutrale.al\/index.php\/wp-json\/wp\/v2\/users\/2"}],"replies":[{"embeddable":true,"href":"https:\/\/neutrale.al\/index.php\/wp-json\/wp\/v2\/comments?post=22758"}],"version-history":[{"count":1,"href":"https:\/\/neutrale.al\/index.php\/wp-json\/wp\/v2\/posts\/22758\/revisions"}],"predecessor-version":[{"id":22760,"href":"https:\/\/neutrale.al\/index.php\/wp-json\/wp\/v2\/posts\/22758\/revisions\/22760"}],"wp:featuredmedia":[{"embeddable":true,"href":"https:\/\/neutrale.al\/index.php\/wp-json\/wp\/v2\/media\/22759"}],"wp:attachment":[{"href":"https:\/\/neutrale.al\/index.php\/wp-json\/wp\/v2\/media?parent=22758"}],"wp:term":[{"taxonomy":"category","embeddable":true,"href":"https:\/\/neutrale.al\/index.php\/wp-json\/wp\/v2\/categories?post=22758"},{"taxonomy":"post_tag","embeddable":true,"href":"https:\/\/neutrale.al\/index.php\/wp-json\/wp\/v2\/tags?post=22758"}],"curies":[{"name":"wp","href":"https:\/\/api.w.org\/{rel}","templated":true}]}}