{"id":22755,"date":"2022-10-07T09:21:57","date_gmt":"2022-10-07T09:21:57","guid":{"rendered":"https:\/\/neutrale.al\/?p=22755"},"modified":"2022-10-07T09:21:57","modified_gmt":"2022-10-07T09:21:57","slug":"berisha-ne-memaliaj-ne-keto-zgjedhje-ndryshimi-i-madh-jemi-nje-hap-drejt-fitores-se-zgjedhjeve","status":"publish","type":"post","link":"https:\/\/neutrale.al\/index.php\/2022\/10\/07\/berisha-ne-memaliaj-ne-keto-zgjedhje-ndryshimi-i-madh-jemi-nje-hap-drejt-fitores-se-zgjedhjeve\/","title":{"rendered":"Berisha n\u00eb Memaliaj: N\u00eb k\u00ebto zgjedhje ndryshimi i madh, jemi nj\u00eb hap drejt fitores s\u00eb zgjedhjeve &#8230;"},"content":{"rendered":"<p>Un\u00eb ndjehem i k\u00ebnaqur sot para jush, sepse ne hyjm\u00eb n\u00eb k\u00ebt\u00eb fushat\u00eb elektorale si\u00e7 k\u00ebrkuat ju, ashtu si\u00e7 premtuam gjat\u00eb takimeve me qytetar\u00ebt n\u00eb mbar\u00eb Shqip\u00ebrin\u00eb.<\/p>\n<p>Ju vet\u00eb do zgjidhni p\u00ebrfaq\u00ebsuesit tuaj, si\u00e7 zgjodh\u00ebt kryetarin e partis\u00eb, do zgjidhni kandidatin p\u00ebr bashkin\u00eb, do zgjidhni k\u00ebshilltar\u00ebt.<br \/>\nJu i keni dh\u00ebn\u00eb fund n\u00eb k\u00ebt\u00eb aspekt pushtetit t\u00eb kryetarit.<br \/>\nNe duam q\u00eb ai q\u00eb votoni t\u00eb ndjehet i detyruar ndaj jush, jo ndaj kryetarit.<br \/>\nAi duhet ta dij\u00eb se pa mb\u00ebshtetjen tuaj, nuk ka vend n\u00eb karrigen q\u00eb merr.<\/p>\n<p>Ndaj sjellim n\u00eb k\u00ebto zgjedhje ndryshimin e madh demokratik, sjellim primaret ku do votojn\u00eb jo vet\u00ebm an\u00ebtar\u00ebt e PD, por edhe simpatizant\u00ebt e PD-s\u00eb.<\/p>\n<p>Simpatizant\u00ebt do regjistrohen n\u00eb nivel seksioni. Do plot\u00ebsojn\u00eb nj\u00eb fish\u00eb. T\u00eb shkojn\u00eb te seksioni, t\u00eb plot\u00ebsojn\u00eb formularin, t\u00eb jap\u00eb t\u00eb dh\u00ebnat dhe \u00ebsht\u00eb i mir\u00ebpritur q\u00eb t\u00eb votoj\u00eb kandidatin p\u00ebr kryetar bashkie. N\u00eb k\u00ebt\u00eb m\u00ebnyr\u00eb, ne konkretizojm\u00eb nj\u00eb ndryshim t\u00eb madh.<\/p>\n<p>Berisha: N\u00eb k\u00ebto zgjedhje b\u00ebjm\u00eb nj\u00eb hap t\u00eb madh drejt fitores s\u00eb zgjedhjeve politike<\/p>\n<p>Ne do b\u00ebjm\u00eb gjith\u00e7ka q\u00eb t\u00eb pushtojm\u00eb mendjen dhe zemrat e atyre q\u00eb akoma nuk kan\u00eb besim te ne.<\/p>\n<p>Ne do b\u00ebjm\u00eb gjith\u00e7ka, q\u00eb aspiratat e tyre, t\u2019i shnd\u00ebrrojm\u00eb n\u00eb programin ton\u00eb.<\/p>\n<p>Sot, ky \u00ebsht\u00eb nj\u00eb drejtim madhor i pun\u00ebs son\u00eb, sepse PD n\u00eb nj\u00eb zinxhir gabimesh t\u00eb pafalshme, doli t\u00ebr\u00ebsisht jasht\u00eb pushtetit.<\/p>\n<p>Edi Rama deshi vet\u00eb t\u2019i marr\u00eb t\u00eb gjitha pushtetet n\u00eb nj\u00eb dor\u00eb, por kjo nuk do t\u00eb thot\u00eb se PD nuk e ndihmoi sepse bojkoti i zgjedhjeve lokale, kur presidenti e shtyu dat\u00ebn, ishte nj\u00eb shans p\u00ebr PD-n\u00eb q\u00eb t\u00eb t\u00ebrhiqej nga vendimi i saj.<\/p>\n<p>N\u00eb k\u00ebto zgjedhje ne b\u00ebjm\u00eb nj\u00eb hap t\u00eb madh drejt fitores s\u00eb zgjedhjeve politike q\u00eb do mbahen n\u00eb momentin m\u00eb t\u00eb shpejt\u00eb t\u00eb mundsh\u00ebm.<\/p>\n","protected":false},"excerpt":{"rendered":"<p>Un\u00eb ndjehem i k\u00ebnaqur sot para jush, sepse ne hyjm\u00eb n\u00eb k\u00ebt\u00eb fushat\u00eb elektorale si\u00e7 k\u00ebrkuat ju, ashtu si\u00e7 premtuam gjat\u00eb takimeve me qytetar\u00ebt n\u00eb mbar\u00eb Shqip\u00ebrin\u00eb. Ju vet\u00eb do zgjidhni p\u00ebrfaq\u00ebsuesit tuaj, si\u00e7 zgjodh\u00ebt kryetarin e partis\u00eb, do zgjidhni kandidatin p\u00ebr bashkin\u00eb, do zgjidhni k\u00ebshilltar\u00ebt. Ju i keni dh\u00ebn\u00eb fund n\u00eb k\u00ebt\u00eb aspekt pushtetit [&hellip;]<\/p>\n","protected":false},"author":2,"featured_media":22756,"comment_status":"open","ping_status":"open","sticky":false,"template":"","format":"standard","meta":{"footnotes":""},"categories":[9],"tags":[27],"class_list":{"0":"post-22755","1":"post","2":"type-post","3":"status-publish","4":"format-standard","5":"has-post-thumbnail","7":"category-politika","8":"tag-lajme"},"_links":{"self":[{"href":"https:\/\/neutrale.al\/index.php\/wp-json\/wp\/v2\/posts\/22755","targetHints":{"allow":["GET"]}}],"collection":[{"href":"https:\/\/neutrale.al\/index.php\/wp-json\/wp\/v2\/posts"}],"about":[{"href":"https:\/\/neutrale.al\/index.php\/wp-json\/wp\/v2\/types\/post"}],"author":[{"embeddable":true,"href":"https:\/\/neutrale.al\/index.php\/wp-json\/wp\/v2\/users\/2"}],"replies":[{"embeddable":true,"href":"https:\/\/neutrale.al\/index.php\/wp-json\/wp\/v2\/comments?post=22755"}],"version-history":[{"count":1,"href":"https:\/\/neutrale.al\/index.php\/wp-json\/wp\/v2\/posts\/22755\/revisions"}],"predecessor-version":[{"id":22757,"href":"https:\/\/neutrale.al\/index.php\/wp-json\/wp\/v2\/posts\/22755\/revisions\/22757"}],"wp:featuredmedia":[{"embeddable":true,"href":"https:\/\/neutrale.al\/index.php\/wp-json\/wp\/v2\/media\/22756"}],"wp:attachment":[{"href":"https:\/\/neutrale.al\/index.php\/wp-json\/wp\/v2\/media?parent=22755"}],"wp:term":[{"taxonomy":"category","embeddable":true,"href":"https:\/\/neutrale.al\/index.php\/wp-json\/wp\/v2\/categories?post=22755"},{"taxonomy":"post_tag","embeddable":true,"href":"https:\/\/neutrale.al\/index.php\/wp-json\/wp\/v2\/tags?post=22755"}],"curies":[{"name":"wp","href":"https:\/\/api.w.org\/{rel}","templated":true}]}}