{"id":22721,"date":"2022-10-07T08:24:32","date_gmt":"2022-10-07T08:24:32","guid":{"rendered":"https:\/\/neutrale.al\/?p=22721"},"modified":"2022-10-07T08:24:32","modified_gmt":"2022-10-07T08:24:32","slug":"suedi-turqi-erdogan-jam-ne-pritje-te-kryeministrit-te-ri-suedez","status":"publish","type":"post","link":"https:\/\/neutrale.al\/index.php\/2022\/10\/07\/suedi-turqi-erdogan-jam-ne-pritje-te-kryeministrit-te-ri-suedez\/","title":{"rendered":"Suedi-Turqi\/ Erdogan: Jam n\u00eb pritje t\u00eb kryeministrit t\u00eb ri Suedez !"},"content":{"rendered":"<p>Kryeministria n\u00eb largim Magdalena Andersson e cil\u00ebsoi takimin e sot\u00ebm me Presidentin Erdogan si &#8220;nj\u00eb dialog t\u00eb mir\u00eb&#8221;, por faktikisht ata nuk diskutuan asgj\u00eb p\u00ebr ratifikimin e an\u00ebtar\u00ebsimit t\u00eb Suedis\u00eb n\u00eb NATO nga ana e Turqis\u00eb.<\/p>\n<p>Kjo sepse Presidenti Erdogan nuk ka t\u00eb nj\u00ebjt\u00ebn pik\u00ebpamje p\u00ebr takimin e tyre.<\/p>\n<p>N\u00eb  konferenc\u00eb p\u00ebr shtyp Erdogan u shpreh se nuk kishte t\u00eb nj\u00ebjtin q\u00ebndrim si Andersson.<\/p>\n<p>&#8211; Nuk kam folur me kryeministrin suedez n\u00eb kuad\u00ebr t\u00eb k\u00ebtij takimi. <\/p>\n<p>Jam n\u00eb pritje t\u00eb kryeministrit t\u00eb ri Suedes, thot\u00eb ai.<\/p>\n<p>Erdogan ka paralajm\u00ebruar vazhdimisht Suedin\u00eb dhe ka v\u00ebn\u00eb n\u00eb dukje r\u00ebnd\u00ebsin\u00eb e k\u00ebrkes\u00ebs s\u00eb Turqis\u00eb p\u00ebr ratifikim, t\u00eb cil\u00ebn ai e ka theksuar edhe tani.<\/p>\n<p>P\u00ebrderisa organizatat terroriste demonstrojn\u00eb n\u00eb rrug\u00ebt e Suedis\u00eb dhe p\u00ebr sa koh\u00eb ka terrorist\u00eb n\u00eb parlamentin suedez, nuk do t\u00eb ket\u00eb q\u00ebndrim pozitiv nga Turqia .<\/p>\n<p>Ndersa me Finland\u00ebn mardh\u00ebniet  jan\u00eb ndryshe, ndaj dhe do t\u00eb b\u00ebjm\u00eb gjith\u00e7ka q\u00eb k\u00ebrkohet nga ne, kjo sepse  Finlanda nuk \u00ebsht\u00eb nj\u00eb vend ku terrorist\u00ebt l\u00ebvizin lirsh\u00ebm.<\/p>\n","protected":false},"excerpt":{"rendered":"<p>Kryeministria n\u00eb largim Magdalena Andersson e cil\u00ebsoi takimin e sot\u00ebm me Presidentin Erdogan si &#8220;nj\u00eb dialog t\u00eb mir\u00eb&#8221;, por faktikisht ata nuk diskutuan asgj\u00eb p\u00ebr ratifikimin e an\u00ebtar\u00ebsimit t\u00eb Suedis\u00eb n\u00eb NATO nga ana e Turqis\u00eb. Kjo sepse Presidenti Erdogan nuk ka t\u00eb nj\u00ebjt\u00ebn pik\u00ebpamje p\u00ebr takimin e tyre. N\u00eb konferenc\u00eb p\u00ebr shtyp Erdogan u [&hellip;]<\/p>\n","protected":false},"author":2,"featured_media":22722,"comment_status":"open","ping_status":"open","sticky":false,"template":"","format":"standard","meta":{"footnotes":""},"categories":[12,118],"tags":[],"class_list":{"0":"post-22721","1":"post","2":"type-post","3":"status-publish","4":"format-standard","5":"has-post-thumbnail","7":"category-bota","8":"category-kryesore"},"_links":{"self":[{"href":"https:\/\/neutrale.al\/index.php\/wp-json\/wp\/v2\/posts\/22721","targetHints":{"allow":["GET"]}}],"collection":[{"href":"https:\/\/neutrale.al\/index.php\/wp-json\/wp\/v2\/posts"}],"about":[{"href":"https:\/\/neutrale.al\/index.php\/wp-json\/wp\/v2\/types\/post"}],"author":[{"embeddable":true,"href":"https:\/\/neutrale.al\/index.php\/wp-json\/wp\/v2\/users\/2"}],"replies":[{"embeddable":true,"href":"https:\/\/neutrale.al\/index.php\/wp-json\/wp\/v2\/comments?post=22721"}],"version-history":[{"count":1,"href":"https:\/\/neutrale.al\/index.php\/wp-json\/wp\/v2\/posts\/22721\/revisions"}],"predecessor-version":[{"id":22723,"href":"https:\/\/neutrale.al\/index.php\/wp-json\/wp\/v2\/posts\/22721\/revisions\/22723"}],"wp:featuredmedia":[{"embeddable":true,"href":"https:\/\/neutrale.al\/index.php\/wp-json\/wp\/v2\/media\/22722"}],"wp:attachment":[{"href":"https:\/\/neutrale.al\/index.php\/wp-json\/wp\/v2\/media?parent=22721"}],"wp:term":[{"taxonomy":"category","embeddable":true,"href":"https:\/\/neutrale.al\/index.php\/wp-json\/wp\/v2\/categories?post=22721"},{"taxonomy":"post_tag","embeddable":true,"href":"https:\/\/neutrale.al\/index.php\/wp-json\/wp\/v2\/tags?post=22721"}],"curies":[{"name":"wp","href":"https:\/\/api.w.org\/{rel}","templated":true}]}}