{"id":22707,"date":"2022-10-07T07:41:57","date_gmt":"2022-10-07T07:41:57","guid":{"rendered":"https:\/\/neutrale.al\/?p=22707"},"modified":"2022-10-07T07:41:57","modified_gmt":"2022-10-07T07:41:57","slug":"sarande-vihet-ne-pranga-prishtinaliu-bente-kerdine-me-vjedhje-ne-sarande","status":"publish","type":"post","link":"https:\/\/neutrale.al\/index.php\/2022\/10\/07\/sarande-vihet-ne-pranga-prishtinaliu-bente-kerdine-me-vjedhje-ne-sarande\/","title":{"rendered":"Sarand\u00eb\/ Vihet n\u00eb pranga prishtinaliu, b\u00ebnte k\u00ebrdin\u00eb me vjedhje n\u00eb Sarand\u00eb"},"content":{"rendered":"<p>Shtetasi A.G, 37-vje\u00e7ar, me banim n\u00eb Prishtin\u00eb u vu n\u00eb pranga nga policia e qytetit jugor.<\/p>\n<p>Ai akuzohet p\u00ebr nj\u00eb seri vjedhjesh dhe gjat\u00eb kontrollit t\u00eb automjetit me t\u00eb cilin l\u00ebvizte, ju sekuestruan 2 thika q\u00eb i p\u00ebrdorte si arm\u00eb t\u00eb ftohta.<\/p>\n<p>Njoftimi:<\/p>\n<p>Vijojn\u00eb operacionet p\u00ebr goditjen e veprimtaris\u00eb kriminale n\u00eb fush\u00ebn e vjedhjes s\u00eb pron\u00ebs dhe pasuris\u00eb.<\/p>\n<p>Finalizohet nga Komisariati i Policis\u00eb Sarand\u00eb, operacioni policor i koduar &#8220;Same&#8221;.<\/p>\n<p>Vihet n\u00eb pranga nj\u00eb 37-vje\u00e7ar, autor i dyshuar i 3 vjedhjeve, n\u00eb lagjen nr. 1, Sarand\u00eb. <\/p>\n<p>Sekuestrohen 2 arm\u00eb t\u00eb ftohta (thika), q\u00eb ky shtetas i mbante n\u00eb automjet. <\/p>\n<p>Specialist\u00ebt p\u00ebr Hetimin e Krimeve t\u00eb Komisariatit t\u00eb Policis\u00eb Sarand\u00eb, n\u00eb bashk\u00ebpunim me Prokurorin\u00eb pran\u00eb Gjykat\u00ebs s\u00eb Rrethit Gjyq\u00ebsor Sarand\u00eb, n\u00eb vijim t\u00eb pun\u00ebs p\u00ebr goditjen e paligjshm\u00ebrive n\u00eb fush\u00ebn e vjedhjes s\u00eb pron\u00ebs dhe pasuris\u00eb, identifikimin e autor\u00ebve dhe v\u00ebnien e tyre para p\u00ebrgjegj\u00ebsis\u00eb ligjore, bazuar dhe n\u00eb informacionet e marra n\u00eb rrug\u00eb operative, organizuan dhe finalizuan operacionin policor t\u00eb koduar &#8220;Same&#8221;, si rezultat i t\u00eb cilit u b\u00eb kapja dhe ndalimi i shtetasit:<\/p>\n<p>&#8211; A. G., 37 vje\u00e7, banues n\u00eb Prishtin\u00eb, Kosov\u00eb, p\u00ebr t\u00eb cilin Prokuroria ka nxjerr\u00eb urdh\u00ebr ndalimi, p\u00ebr vepr\u00ebn penale &#8220;Vjedhja&#8221;.  <\/p>\n<p>Shtetasi A. G. dyshohet t\u00eb jet\u00eb autor i disa vjedhjeve, n\u00eb lagjen nr. 1 t\u00eb qytetit t\u00eb Sarand\u00ebs, konkretisht: <\/p>\n<p>&#8211; M\u00eb dat\u00eb 26.04.2022, dyshohet se ka vjedhur motorin e nj\u00eb mjeti lundrues t\u00eb ankoruar, n\u00eb pron\u00ebsi t\u00eb shtetasit T. M.;  <\/p>\n<p>&#8211; M\u00eb dat\u00eb 19.09.2022, dyshohet se ka vjedhur pajisje elektronike, n\u00eb nj\u00eb subjekt tregtar; <\/p>\n<p>&#8211; M\u00eb dat\u00eb 04.10.2022, dyshohet se ka vjedhur disa produkte, n\u00eb nj\u00eb subjekt tregtar. <\/p>\n<p>Gjat\u00eb kontrollit t\u00eb automjetit q\u00eb ky shtetas drejtonte n\u00eb momentin e ndalimit, sh\u00ebrbimet e Policis\u00eb gjet\u00ebn dhe sekuestruan 2 arm\u00eb t\u00eb ftohta (thika).  <\/p>\n<p>Vijon puna p\u00ebr dokumentimin e plot\u00eb me prova ligjore, t\u00eb vjedhjeve t\u00eb tjera q\u00eb mund t\u00eb jen\u00eb kryer nga ky shtetas.<\/p>\n<p>Materialet i kaluan Prokuroris\u00eb, p\u00ebr veprime t\u00eb m\u00ebtejshme procedurale.<\/p>\n<p><img loading=\"lazy\" loading=\"lazy\" decoding=\"async\" src=\"https:\/\/neutrale.al\/wp-content\/uploads\/2022\/10\/94296BC9-26CA-425F-A471-472C564DCF17-300x182.jpeg\" alt=\"\" width=\"300\" height=\"182\" class=\"alignnone size-medium wp-image-22708\" srcset=\"https:\/\/neutrale.al\/wp-content\/uploads\/2022\/10\/94296BC9-26CA-425F-A471-472C564DCF17-300x182.jpeg 300w, https:\/\/neutrale.al\/wp-content\/uploads\/2022\/10\/94296BC9-26CA-425F-A471-472C564DCF17-1024x622.jpeg 1024w, https:\/\/neutrale.al\/wp-content\/uploads\/2022\/10\/94296BC9-26CA-425F-A471-472C564DCF17-768x466.jpeg 768w, https:\/\/neutrale.al\/wp-content\/uploads\/2022\/10\/94296BC9-26CA-425F-A471-472C564DCF17-860x522.jpeg 860w, https:\/\/neutrale.al\/wp-content\/uploads\/2022\/10\/94296BC9-26CA-425F-A471-472C564DCF17.jpeg 1080w\" sizes=\"auto, (max-width: 300px) 100vw, 300px\" \/><\/p>\n","protected":false},"excerpt":{"rendered":"<p>Shtetasi A.G, 37-vje\u00e7ar, me banim n\u00eb Prishtin\u00eb u vu n\u00eb pranga nga policia e qytetit jugor. Ai akuzohet p\u00ebr nj\u00eb seri vjedhjesh dhe gjat\u00eb kontrollit t\u00eb automjetit me t\u00eb cilin l\u00ebvizte, ju sekuestruan 2 thika q\u00eb i p\u00ebrdorte si arm\u00eb t\u00eb ftohta. Njoftimi: Vijojn\u00eb operacionet p\u00ebr goditjen e veprimtaris\u00eb kriminale n\u00eb fush\u00ebn e vjedhjes s\u00eb [&hellip;]<\/p>\n","protected":false},"author":2,"featured_media":22709,"comment_status":"open","ping_status":"open","sticky":false,"template":"","format":"standard","meta":{"footnotes":""},"categories":[117],"tags":[27],"class_list":{"0":"post-22707","1":"post","2":"type-post","3":"status-publish","4":"format-standard","5":"has-post-thumbnail","7":"category-aktualitet","8":"tag-lajme"},"_links":{"self":[{"href":"https:\/\/neutrale.al\/index.php\/wp-json\/wp\/v2\/posts\/22707","targetHints":{"allow":["GET"]}}],"collection":[{"href":"https:\/\/neutrale.al\/index.php\/wp-json\/wp\/v2\/posts"}],"about":[{"href":"https:\/\/neutrale.al\/index.php\/wp-json\/wp\/v2\/types\/post"}],"author":[{"embeddable":true,"href":"https:\/\/neutrale.al\/index.php\/wp-json\/wp\/v2\/users\/2"}],"replies":[{"embeddable":true,"href":"https:\/\/neutrale.al\/index.php\/wp-json\/wp\/v2\/comments?post=22707"}],"version-history":[{"count":1,"href":"https:\/\/neutrale.al\/index.php\/wp-json\/wp\/v2\/posts\/22707\/revisions"}],"predecessor-version":[{"id":22710,"href":"https:\/\/neutrale.al\/index.php\/wp-json\/wp\/v2\/posts\/22707\/revisions\/22710"}],"wp:featuredmedia":[{"embeddable":true,"href":"https:\/\/neutrale.al\/index.php\/wp-json\/wp\/v2\/media\/22709"}],"wp:attachment":[{"href":"https:\/\/neutrale.al\/index.php\/wp-json\/wp\/v2\/media?parent=22707"}],"wp:term":[{"taxonomy":"category","embeddable":true,"href":"https:\/\/neutrale.al\/index.php\/wp-json\/wp\/v2\/categories?post=22707"},{"taxonomy":"post_tag","embeddable":true,"href":"https:\/\/neutrale.al\/index.php\/wp-json\/wp\/v2\/tags?post=22707"}],"curies":[{"name":"wp","href":"https:\/\/api.w.org\/{rel}","templated":true}]}}