{"id":22685,"date":"2022-10-06T19:08:57","date_gmt":"2022-10-06T19:08:57","guid":{"rendered":"https:\/\/neutrale.al\/?p=22685"},"modified":"2022-10-06T19:08:57","modified_gmt":"2022-10-06T19:08:57","slug":"qeveria-kroate-ul-cmimin-e-ushqimeve-baze-per-te-zbutur-ndikimin-e-inflacionit","status":"publish","type":"post","link":"https:\/\/neutrale.al\/index.php\/2022\/10\/06\/qeveria-kroate-ul-cmimin-e-ushqimeve-baze-per-te-zbutur-ndikimin-e-inflacionit\/","title":{"rendered":"Qeveria kroate ul \u00e7mimin e ushqimeve baz\u00eb p\u00ebr t\u00eb zbutur ndikimin e inflacionit\u00a0"},"content":{"rendered":"<p>Kryeministri kroat Andrej Plenkovic prezantoi kufijt\u00eb e \u00e7mimeve p\u00ebr artikujt ushqimor\u00eb baz\u00eb, p\u00ebr t\u00eb zbutur ndikimin e inflacionit t\u00eb lart\u00eb.<\/p>\n<p>\u201cKa nj\u00eb rritje t\u00eb madhe n\u00eb \u00e7mimet e produkteve ushqimore baz\u00eb. Pas konsultimit me prodhuesit dhe zinxhir\u00ebt e shitjes me pakic\u00eb, ne kemi r\u00ebn\u00eb dakord q\u00eb do t\u00eb kufizojm\u00eb produktet e m\u00ebposhtme\u201d, \u2013 tha Plenkovic n\u00eb mbledhjen qeveritare.<\/p>\n<p>Produktet ushqimore \u00e7mimi i t\u00eb cilave do t\u00eb kufizohet, p\u00ebrfshijn\u00eb vajin e lulediellit, qum\u00ebshtin, miellin, sheqerin e bardh\u00eb, mishin e pul\u00ebs, mishin e derrit dhe mishin e grir\u00eb.<\/p>\n<p>Paketa e masave, e cila vlen pothuajse 21 miliard\u00eb kuna (2.8 miliard\u00eb dollar\u00eb), si p\u00ebr qytetar\u00ebt, ashtu edhe p\u00ebr bizneset, tha Plenkovic.<\/p>\n<p>Masat e reja do t\u00eb jen\u00eb n\u00eb gjendje t\u00eb mbrojn\u00eb qytetar\u00ebt kroat\u00eb, sektorin publik dhe ekonomin\u00eb dhe mund t\u00eb mund\u00ebsojn\u00eb nj\u00eb vjesht\u00eb dhe dim\u00ebr m\u00eb t\u00eb parashikuesh\u00ebm k\u00ebt\u00eb vit, vuri n\u00eb dukje ai.<\/p>\n<p>Masat e leht\u00ebsimit erdh\u00ebn mes inflacionit dyshifror n\u00eb Kroaci, pasi \u00e7mimet e konsumit n\u00eb vend u rrit\u00ebn me 12.3 p\u00ebr qind n\u00eb korrik, krahasuar me t\u00eb nj\u00ebjtin muaj t\u00eb vitit t\u00eb kaluar, norma m\u00eb e lart\u00eb e inflacionit q\u00eb kur Zyra Shtet\u00ebrore e Statistikave Kroate filloi t\u00eb regjistronte t\u00eb dh\u00ebnat.<\/p>\n","protected":false},"excerpt":{"rendered":"<p>Kryeministri kroat Andrej Plenkovic prezantoi kufijt\u00eb e \u00e7mimeve p\u00ebr artikujt ushqimor\u00eb baz\u00eb, p\u00ebr t\u00eb zbutur ndikimin e inflacionit t\u00eb lart\u00eb. \u201cKa nj\u00eb rritje t\u00eb madhe n\u00eb \u00e7mimet e produkteve ushqimore baz\u00eb. Pas konsultimit me prodhuesit dhe zinxhir\u00ebt e shitjes me pakic\u00eb, ne kemi r\u00ebn\u00eb dakord q\u00eb do t\u00eb kufizojm\u00eb produktet e m\u00ebposhtme\u201d, \u2013 tha Plenkovic [&hellip;]<\/p>\n","protected":false},"author":2,"featured_media":22686,"comment_status":"open","ping_status":"open","sticky":false,"template":"","format":"standard","meta":{"footnotes":""},"categories":[6],"tags":[27],"class_list":{"0":"post-22685","1":"post","2":"type-post","3":"status-publish","4":"format-standard","5":"has-post-thumbnail","7":"category-rajoni","8":"tag-lajme"},"_links":{"self":[{"href":"https:\/\/neutrale.al\/index.php\/wp-json\/wp\/v2\/posts\/22685","targetHints":{"allow":["GET"]}}],"collection":[{"href":"https:\/\/neutrale.al\/index.php\/wp-json\/wp\/v2\/posts"}],"about":[{"href":"https:\/\/neutrale.al\/index.php\/wp-json\/wp\/v2\/types\/post"}],"author":[{"embeddable":true,"href":"https:\/\/neutrale.al\/index.php\/wp-json\/wp\/v2\/users\/2"}],"replies":[{"embeddable":true,"href":"https:\/\/neutrale.al\/index.php\/wp-json\/wp\/v2\/comments?post=22685"}],"version-history":[{"count":1,"href":"https:\/\/neutrale.al\/index.php\/wp-json\/wp\/v2\/posts\/22685\/revisions"}],"predecessor-version":[{"id":22687,"href":"https:\/\/neutrale.al\/index.php\/wp-json\/wp\/v2\/posts\/22685\/revisions\/22687"}],"wp:featuredmedia":[{"embeddable":true,"href":"https:\/\/neutrale.al\/index.php\/wp-json\/wp\/v2\/media\/22686"}],"wp:attachment":[{"href":"https:\/\/neutrale.al\/index.php\/wp-json\/wp\/v2\/media?parent=22685"}],"wp:term":[{"taxonomy":"category","embeddable":true,"href":"https:\/\/neutrale.al\/index.php\/wp-json\/wp\/v2\/categories?post=22685"},{"taxonomy":"post_tag","embeddable":true,"href":"https:\/\/neutrale.al\/index.php\/wp-json\/wp\/v2\/tags?post=22685"}],"curies":[{"name":"wp","href":"https:\/\/api.w.org\/{rel}","templated":true}]}}