{"id":22679,"date":"2022-10-06T17:12:35","date_gmt":"2022-10-06T17:12:35","guid":{"rendered":"https:\/\/neutrale.al\/?p=22679"},"modified":"2022-10-06T17:12:35","modified_gmt":"2022-10-06T17:12:35","slug":"prage-rama-fokusi-te-kriza-energjetike-dhe-inflacioni-i-putinit","status":"publish","type":"post","link":"https:\/\/neutrale.al\/index.php\/2022\/10\/06\/prage-rama-fokusi-te-kriza-energjetike-dhe-inflacioni-i-putinit\/","title":{"rendered":"Prag\u00eb\/ Rama: Fokusi te kriza energjetike dhe inflacioni i Putinit"},"content":{"rendered":"<p>Kam insistuar q\u00eb duhet t\u00eb p\u00ebrfshihen t\u00eb 6 vendet n\u00eb proces. Kriza energjetike dhe inflacioni i Putinit<\/p>\n<p>Sikurse \u00ebsht\u00eb njoftuar kryeministri Edi Rama ndodhet sot n\u00eb Prag\u00eb n\u00eb nj\u00eb takim t\u00eb Komunitetit Politik Europian, nism\u00eb e presidentit francez p\u00ebr vendet q\u00eb jan\u00eb pjes\u00eb e procesit t\u00eb integrimit n\u00eb BE.<\/p>\n<p>N\u00eb reagimin e tij mbi k\u00ebt\u00eb takim, Rama ai tha se ato u fokusuan ve\u00e7an\u00ebrisht n\u00eb situat\u00ebn e kriz\u00ebs energjitike .<\/p>\n<p>&#8220;N\u00eb nj\u00eb format me m\u00eb shum\u00eb se 20 vende ne jemi ndar\u00eb n\u00eb tryeza ta rrumbullak\u00ebta dhe jemi fokusuar\u00a0 n\u00eb propozimet tona. Q\u00eb nga kriza energjitike tek inflacioni i Putinit dhe patjet\u00ebr tek forcat e rublave n\u00eb gjirin e shoq\u00ebrive tona. Ky \u00ebsht\u00eb nj\u00eb proces, frika ka qen\u00eb nj\u00eb forca shum\u00eb vendimtare n\u00eb gjith\u00eb historin\u00eb e p\u00ebrpjekjeve p\u00ebr t\u00eb nd\u00ebrtuar nj\u00eb komunitet politik evropian, ashtu si\u00e7 ka qen\u00eb nj\u00eb forc\u00eb penguese dhe p\u00ebr vet\u00eb BE. N\u00eb nj\u00eb situat\u00eb si kjo, Evropa \u00ebsht\u00eb n\u00eb nj\u00eb pik\u00eb ku p\u00ebr ta krijuar t\u00eb ardhmen duhet ta parashikoj\u00eb.<\/p>\n<p>Me k\u00ebrkes\u00ebn time drejtuar kryetares s\u00eb Komisionit \u00ebsht\u00eb pranuar q\u00eb t\u00eb thirren ministrat e energjis\u00eb s\u00eb rajonit n\u00eb Prag\u00eb p\u00ebr t\u00eb trajtuar \u00e7\u00ebshtjen e kriz\u00ebs energjitike si nj\u00eb problem evropian. Fokusi kryesor n\u00eb tryez\u00ebn e rrumbullak\u00ebt ku un\u00eb isha pjes\u00eb, ishte pik\u00ebrisht kriza energjitike\u201d.<\/p>\n<p>Kryeministri Rama u shpreh gjithashtu se ka insistuar q\u00eb t\u00eb jen\u00eb t\u00eb p\u00ebrfshira t\u00eb 6 vendet pavar\u00ebsisht n\u00ebse i kan\u00eb hapur negociatat.<\/p>\n","protected":false},"excerpt":{"rendered":"<p>Kam insistuar q\u00eb duhet t\u00eb p\u00ebrfshihen t\u00eb 6 vendet n\u00eb proces. Kriza energjetike dhe inflacioni i Putinit Sikurse \u00ebsht\u00eb njoftuar kryeministri Edi Rama ndodhet sot n\u00eb Prag\u00eb n\u00eb nj\u00eb takim t\u00eb Komunitetit Politik Europian, nism\u00eb e presidentit francez p\u00ebr vendet q\u00eb jan\u00eb pjes\u00eb e procesit t\u00eb integrimit n\u00eb BE. N\u00eb reagimin e tij mbi k\u00ebt\u00eb [&hellip;]<\/p>\n","protected":false},"author":2,"featured_media":22680,"comment_status":"open","ping_status":"open","sticky":false,"template":"","format":"standard","meta":{"footnotes":""},"categories":[118,9],"tags":[],"class_list":{"0":"post-22679","1":"post","2":"type-post","3":"status-publish","4":"format-standard","5":"has-post-thumbnail","7":"category-kryesore","8":"category-politika"},"_links":{"self":[{"href":"https:\/\/neutrale.al\/index.php\/wp-json\/wp\/v2\/posts\/22679","targetHints":{"allow":["GET"]}}],"collection":[{"href":"https:\/\/neutrale.al\/index.php\/wp-json\/wp\/v2\/posts"}],"about":[{"href":"https:\/\/neutrale.al\/index.php\/wp-json\/wp\/v2\/types\/post"}],"author":[{"embeddable":true,"href":"https:\/\/neutrale.al\/index.php\/wp-json\/wp\/v2\/users\/2"}],"replies":[{"embeddable":true,"href":"https:\/\/neutrale.al\/index.php\/wp-json\/wp\/v2\/comments?post=22679"}],"version-history":[{"count":1,"href":"https:\/\/neutrale.al\/index.php\/wp-json\/wp\/v2\/posts\/22679\/revisions"}],"predecessor-version":[{"id":22681,"href":"https:\/\/neutrale.al\/index.php\/wp-json\/wp\/v2\/posts\/22679\/revisions\/22681"}],"wp:featuredmedia":[{"embeddable":true,"href":"https:\/\/neutrale.al\/index.php\/wp-json\/wp\/v2\/media\/22680"}],"wp:attachment":[{"href":"https:\/\/neutrale.al\/index.php\/wp-json\/wp\/v2\/media?parent=22679"}],"wp:term":[{"taxonomy":"category","embeddable":true,"href":"https:\/\/neutrale.al\/index.php\/wp-json\/wp\/v2\/categories?post=22679"},{"taxonomy":"post_tag","embeddable":true,"href":"https:\/\/neutrale.al\/index.php\/wp-json\/wp\/v2\/tags?post=22679"}],"curies":[{"name":"wp","href":"https:\/\/api.w.org\/{rel}","templated":true}]}}