{"id":22675,"date":"2022-10-06T17:10:15","date_gmt":"2022-10-06T17:10:15","guid":{"rendered":"https:\/\/neutrale.al\/?p=22675"},"modified":"2022-10-06T17:10:15","modified_gmt":"2022-10-06T17:10:15","slug":"meloni-berishes-ju-siguroj-vetem-mbeshtetje-maksimale-nga-qeveria-e-ardhshme-italiane","status":"publish","type":"post","link":"https:\/\/neutrale.al\/index.php\/2022\/10\/06\/meloni-berishes-ju-siguroj-vetem-mbeshtetje-maksimale-nga-qeveria-e-ardhshme-italiane\/","title":{"rendered":"Meloni &#8211; Berish\u00ebs: Ju siguroj vet\u00ebm mb\u00ebshtetje maksimale nga qeveria e ardhshme italiane."},"content":{"rendered":"<p>Ky \u00ebsht\u00eb thelbi i letr\u00ebs q\u00eb fituesja e zgjedhjeve n\u00eb Itali dhe  kryeministrja q\u00eb pret t\u00eb marri drejtimin e qeveris\u00eb italiane Giorgia Meloni i ka d\u00ebrguar kreut t\u00eb demokrat\u00ebve shqiptar\u00eb, Sali Berisha.<\/p>\n<p>Letr\u00ebn e plot\u00eb e p\u00ebrcjell n\u00eb &#8220;Facebook&#8221; vet\u00eb Berisha.<\/p>\n<p>Ja postimi i plot\u00eb i tij:<\/p>\n<p>T\u00eb dashur miq,<br \/>\nM\u00eb posht\u00eb gjeni nj\u00eb let\u00ebr t\u00eb Kryeministres s\u00eb ardhshme t\u00eb Italis\u00eb, Giorgia Meloni, e cila ktheu n\u00eb pushtet forcat e djathta konservatore, aleat\u00eb t\u00eb natyrsh\u00ebm t\u00eb mit\u00eb, Partis\u00eb Demokratike dhe popullit shqiptar. sb<\/p>\n<p>I dashur President,<br \/>\nJu falenderoj sinqerisht p\u00ebr mesazhin q\u00eb m\u00eb keni d\u00ebrguar.<\/p>\n<p>Shpresa ime \u00ebsht\u00eb q\u00eb fitorja e \u201cV\u00ebllez\u00ebrve t\u00eb Italis\u00eb\u201d dhe e qendr\u00ebs s\u00eb djatht\u00eb t\u00eb mos jet\u00eb vet\u00ebm p\u00ebrgjigja m\u00eb efektive e mundshme ndaj nevojave t\u00eb italian\u00ebve, por  shenj\u00eb shprese dhe inkurajimi p\u00ebr t\u00eb gjitha partit\u00eb dhe l\u00ebvizjet konservatore n\u00eb Evrop\u00eb q\u00eb t\u00eb mos ndalen kurr\u00eb s\u00eb luftuari p\u00ebr vlerat tona t\u00eb p\u00ebrbashk\u00ebta.<\/p>\n<p>N\u00eb k\u00ebt\u00eb kuptim, af\u00ebrsia me partin\u00eb tuaj \u00ebsht\u00eb historike, dhe p\u00ebr ne shum\u00eb e r\u00ebnd\u00ebsishme,  ashtu si\u00e7 \u00ebsht\u00eb thelb\u00ebsore t\u00eb forcohet miq\u00ebsia midis popujve tan\u00eb dhe t\u00eb mb\u00ebshtetet sa mir\u00eb rruga evropiane t\u00eb Shqip\u00ebris\u00eb. P\u00ebr k\u00ebt\u00eb pik\u00eb t\u00eb fundit, mund t&#8217;ju siguroj vet\u00ebm mb\u00ebshtetje maksimale nga qeveria e ardhshme italiane.<\/p>\n<p>Me p\u00ebrzem\u00ebrsi t\u00eb ngroht\u00eb, Giorgia Meloni.<\/p>\n<p><img loading=\"lazy\" loading=\"lazy\" decoding=\"async\" src=\"https:\/\/neutrale.al\/wp-content\/uploads\/2022\/10\/8110F7E6-B9B6-42A3-83EE-BE88A1ED5AD5-214x300.jpeg\" alt=\"\" width=\"214\" height=\"300\" class=\"alignnone size-medium wp-image-22676\" srcset=\"https:\/\/neutrale.al\/wp-content\/uploads\/2022\/10\/8110F7E6-B9B6-42A3-83EE-BE88A1ED5AD5-214x300.jpeg 214w, https:\/\/neutrale.al\/wp-content\/uploads\/2022\/10\/8110F7E6-B9B6-42A3-83EE-BE88A1ED5AD5-729x1024.jpeg 729w, https:\/\/neutrale.al\/wp-content\/uploads\/2022\/10\/8110F7E6-B9B6-42A3-83EE-BE88A1ED5AD5-768x1078.jpeg 768w, https:\/\/neutrale.al\/wp-content\/uploads\/2022\/10\/8110F7E6-B9B6-42A3-83EE-BE88A1ED5AD5-860x1207.jpeg 860w, https:\/\/neutrale.al\/wp-content\/uploads\/2022\/10\/8110F7E6-B9B6-42A3-83EE-BE88A1ED5AD5.jpeg 1080w\" sizes=\"auto, (max-width: 214px) 100vw, 214px\" \/><\/p>\n","protected":false},"excerpt":{"rendered":"<p>Ky \u00ebsht\u00eb thelbi i letr\u00ebs q\u00eb fituesja e zgjedhjeve n\u00eb Itali dhe kryeministrja q\u00eb pret t\u00eb marri drejtimin e qeveris\u00eb italiane Giorgia Meloni i ka d\u00ebrguar kreut t\u00eb demokrat\u00ebve shqiptar\u00eb, Sali Berisha. Letr\u00ebn e plot\u00eb e p\u00ebrcjell n\u00eb &#8220;Facebook&#8221; vet\u00eb Berisha. Ja postimi i plot\u00eb i tij: T\u00eb dashur miq, M\u00eb posht\u00eb gjeni nj\u00eb let\u00ebr [&hellip;]<\/p>\n","protected":false},"author":2,"featured_media":22677,"comment_status":"open","ping_status":"open","sticky":false,"template":"","format":"standard","meta":{"footnotes":""},"categories":[118,9],"tags":[27],"class_list":{"0":"post-22675","1":"post","2":"type-post","3":"status-publish","4":"format-standard","5":"has-post-thumbnail","7":"category-kryesore","8":"category-politika","9":"tag-lajme"},"_links":{"self":[{"href":"https:\/\/neutrale.al\/index.php\/wp-json\/wp\/v2\/posts\/22675","targetHints":{"allow":["GET"]}}],"collection":[{"href":"https:\/\/neutrale.al\/index.php\/wp-json\/wp\/v2\/posts"}],"about":[{"href":"https:\/\/neutrale.al\/index.php\/wp-json\/wp\/v2\/types\/post"}],"author":[{"embeddable":true,"href":"https:\/\/neutrale.al\/index.php\/wp-json\/wp\/v2\/users\/2"}],"replies":[{"embeddable":true,"href":"https:\/\/neutrale.al\/index.php\/wp-json\/wp\/v2\/comments?post=22675"}],"version-history":[{"count":1,"href":"https:\/\/neutrale.al\/index.php\/wp-json\/wp\/v2\/posts\/22675\/revisions"}],"predecessor-version":[{"id":22678,"href":"https:\/\/neutrale.al\/index.php\/wp-json\/wp\/v2\/posts\/22675\/revisions\/22678"}],"wp:featuredmedia":[{"embeddable":true,"href":"https:\/\/neutrale.al\/index.php\/wp-json\/wp\/v2\/media\/22677"}],"wp:attachment":[{"href":"https:\/\/neutrale.al\/index.php\/wp-json\/wp\/v2\/media?parent=22675"}],"wp:term":[{"taxonomy":"category","embeddable":true,"href":"https:\/\/neutrale.al\/index.php\/wp-json\/wp\/v2\/categories?post=22675"},{"taxonomy":"post_tag","embeddable":true,"href":"https:\/\/neutrale.al\/index.php\/wp-json\/wp\/v2\/tags?post=22675"}],"curies":[{"name":"wp","href":"https:\/\/api.w.org\/{rel}","templated":true}]}}