{"id":22643,"date":"2022-10-06T15:03:43","date_gmt":"2022-10-06T15:03:43","guid":{"rendered":"https:\/\/neutrale.al\/?p=22643"},"modified":"2022-10-06T15:03:43","modified_gmt":"2022-10-06T15:03:43","slug":"spaho-perplaset-ne-kuvend-me-manjen-behu-burre-sa-elisa-spiropali-manja-sje-ti-qe-gjykon-burrerine","status":"publish","type":"post","link":"https:\/\/neutrale.al\/index.php\/2022\/10\/06\/spaho-perplaset-ne-kuvend-me-manjen-behu-burre-sa-elisa-spiropali-manja-sje-ti-qe-gjykon-burrerine\/","title":{"rendered":"Spaho p\u00ebrplaset n\u00eb Kuvend me Manj\u00ebn: B\u00ebhu burr\u00eb sa Elisa Spiropali ! Manja: S&#8217;je ti q\u00eb gjykon burr\u00ebrin\u00eb"},"content":{"rendered":"<p>Deputeti  Edmond Spaho dhe ministri i Drejt\u00ebsis\u00eb Ulsi Manja kan\u00eb shk\u00ebmbyer replika n\u00eb seanc\u00ebn e sotme parlamentare.<\/p>\n<p>Spaho i k\u00ebrkoi ministrit t\u00eb Drejt\u00ebsis\u00eb t\u00eb nxjerr\u00eb emrat e kompanive dhe tenderave q\u00eb denoncohen pasi e ka p\u00ebr detyr\u00eb.<\/p>\n<p>N\u00eb nj\u00eb \u00e7ast deputeti demokrat tha me ironi se Manja duhet t\u00eb tregohet aq \u201cburr\u00eb\u201d sa ministrja Elisa Spiropali.<\/p>\n<p>Manja iu kund\u00ebrp\u00ebrgjigj, duke i th\u00ebn\u00eb Spahos se nuk \u00ebsht\u00eb i duhuri p\u00ebr t\u00eb gjykuar burr\u00ebrin\u00eb e tij, nd\u00ebrsa i k\u00ebrkoi t\u00eb votonte ligjin p\u00ebr Autoritetin e Dosjeve, veprim t\u00eb cilin e cil\u00ebsoi si \u201csh\u00ebrbimin e fundit t\u00eb tij ndaj kombit\u201d.<\/p>\n<p>Pjes\u00eb nga debati:<\/p>\n<p>Spaho:\u00a0Tregohu aq burr\u00eb sa Spiropali kur debaton me Berish\u00ebn\u00a0 n\u00eb sall\u00eb.<br \/>\nMos u ngri pasi ik\u00ebn ai e b\u00ebn debat.<br \/>\nJeni minist\u00ebr i Drejt\u00ebsis\u00eb, e keni p\u00ebr detyr\u00eb t\u00eb nxirrni emrat e k\u00ebtyre me tendera e kompani q\u00eb thoni.<br \/>\nNxirrini nj\u00eb m\u00eb nj\u00eb, po nuk i ke k\u00ebtu i keni ju.<\/p>\n<p>Mos u mburr me zgjedhjet.<br \/>\n Ti nj\u00eb, t\u00ebrmeti 2, ai q\u00eb \u00ebsht\u00eb n\u00eb burg 3, jeni kapur me z\u00eb e \u00e7far\u00eb i b\u00ebni ju zgjedhjeve. Ka shkruar \u00e7do vend se si ju i vidhni zgjedhjet.<\/p>\n<p>Manja:\u00a0Nuk besoj se je i duhuri p\u00ebr t\u00eb gjykuar burr\u00ebrin\u00eb time. Voto ligjin p\u00ebr Autoritetin e Dosjeve dhe \u00ebsht\u00eb sh\u00ebrbimi i fundit q\u00eb i b\u00ebn kombit ti.<\/p>\n","protected":false},"excerpt":{"rendered":"<p>Deputeti Edmond Spaho dhe ministri i Drejt\u00ebsis\u00eb Ulsi Manja kan\u00eb shk\u00ebmbyer replika n\u00eb seanc\u00ebn e sotme parlamentare. Spaho i k\u00ebrkoi ministrit t\u00eb Drejt\u00ebsis\u00eb t\u00eb nxjerr\u00eb emrat e kompanive dhe tenderave q\u00eb denoncohen pasi e ka p\u00ebr detyr\u00eb. N\u00eb nj\u00eb \u00e7ast deputeti demokrat tha me ironi se Manja duhet t\u00eb tregohet aq \u201cburr\u00eb\u201d sa ministrja Elisa [&hellip;]<\/p>\n","protected":false},"author":2,"featured_media":22644,"comment_status":"open","ping_status":"open","sticky":false,"template":"","format":"standard","meta":{"footnotes":""},"categories":[9],"tags":[27],"class_list":{"0":"post-22643","1":"post","2":"type-post","3":"status-publish","4":"format-standard","5":"has-post-thumbnail","7":"category-politika","8":"tag-lajme"},"_links":{"self":[{"href":"https:\/\/neutrale.al\/index.php\/wp-json\/wp\/v2\/posts\/22643","targetHints":{"allow":["GET"]}}],"collection":[{"href":"https:\/\/neutrale.al\/index.php\/wp-json\/wp\/v2\/posts"}],"about":[{"href":"https:\/\/neutrale.al\/index.php\/wp-json\/wp\/v2\/types\/post"}],"author":[{"embeddable":true,"href":"https:\/\/neutrale.al\/index.php\/wp-json\/wp\/v2\/users\/2"}],"replies":[{"embeddable":true,"href":"https:\/\/neutrale.al\/index.php\/wp-json\/wp\/v2\/comments?post=22643"}],"version-history":[{"count":1,"href":"https:\/\/neutrale.al\/index.php\/wp-json\/wp\/v2\/posts\/22643\/revisions"}],"predecessor-version":[{"id":22645,"href":"https:\/\/neutrale.al\/index.php\/wp-json\/wp\/v2\/posts\/22643\/revisions\/22645"}],"wp:featuredmedia":[{"embeddable":true,"href":"https:\/\/neutrale.al\/index.php\/wp-json\/wp\/v2\/media\/22644"}],"wp:attachment":[{"href":"https:\/\/neutrale.al\/index.php\/wp-json\/wp\/v2\/media?parent=22643"}],"wp:term":[{"taxonomy":"category","embeddable":true,"href":"https:\/\/neutrale.al\/index.php\/wp-json\/wp\/v2\/categories?post=22643"},{"taxonomy":"post_tag","embeddable":true,"href":"https:\/\/neutrale.al\/index.php\/wp-json\/wp\/v2\/tags?post=22643"}],"curies":[{"name":"wp","href":"https:\/\/api.w.org\/{rel}","templated":true}]}}