{"id":22581,"date":"2022-10-06T08:03:31","date_gmt":"2022-10-06T08:03:31","guid":{"rendered":"https:\/\/neutrale.al\/?p=22581"},"modified":"2022-10-06T08:03:31","modified_gmt":"2022-10-06T08:03:31","slug":"elbasan-sekuestrohen-pasuri-me-vlere-3-5-milione-euro-dyshohet-se-vinin-nga-veprimtari-kriminale","status":"publish","type":"post","link":"https:\/\/neutrale.al\/index.php\/2022\/10\/06\/elbasan-sekuestrohen-pasuri-me-vlere-3-5-milione-euro-dyshohet-se-vinin-nga-veprimtari-kriminale\/","title":{"rendered":"Elbasan\/ Sekuestrohen pasuri me vler\u00eb 3.5 milion\u00eb euro, dyshohet se vinin nga veprimtari kriminale."},"content":{"rendered":"<p>Njoftimi:<\/p>\n<p>Vendoset sekuestro preventive ndaj pasurive me vler\u00eb rreth 3.5 milion\u00eb euro, q\u00eb dyshohet se jan\u00eb p\u00ebrfituar nga veprimtari kriminale.<\/p>\n<p>Vijon puna p\u00ebr gjurmimin, identifikimin dhe sekuestrimin e pasurive qe rrjedhin nga aktivitete kriminale. <\/p>\n<p>Finalizohet operacioni policor i koduar &#8220;Fasada&#8221;. <\/p>\n<p>Operacioni, i zhvilluar nga Sektori p\u00ebr Hetimin e Krimit Ekonomik dhe Financiar n\u00eb DVP Elbasan, n\u00eb bashk\u00ebpunim me Prokurorin\u00eb pran\u00eb Gjykat\u00ebs s\u00eb Shkall\u00ebs s\u00eb Par\u00eb Elbasan.<\/p>\n<p>Vendoset sekuestro preventive mbi disa pasuri me vler\u00eb rreth 3.5 milion\u00eb euro, q\u00eb dyshohet se rrjedhin nga veprimtarit\u00eb kriminale t\u00eb nj\u00eb 46-vje\u00e7ari.  <\/p>\n<p>Nga Sektori p\u00ebr Hetimin e Krimit Ekonomik dhe Financiar n\u00eb DVP Elbasan, n\u00eb bashk\u00ebpunim me Prokurorin\u00eb e Rrethit Gjyq\u00ebsor Elbasan, si rezultat i pun\u00ebs gjurmuese dhe hetimore t\u00eb kryer p\u00ebr evidentimin dhe sekuestrimin e pasurive t\u00eb p\u00ebrfituara n\u00eb m\u00ebnyr\u00eb t\u00eb paligjshme si rrjedhoj\u00eb e veprimtarive kriminale, u b\u00eb i mundur finalizimi me sukses i operacionit t\u00eb koduar &#8220;Fasada&#8221;.<\/p>\n<p>Si rezultat i operacionit u b\u00eb ekzekutimi i vendimit t\u00eb Gjykat\u00ebs s\u00eb Shkall\u00ebs s\u00eb Par\u00eb Elbasan, e cila bazuar n\u00eb provat e grumbulluara gjat\u00eb hetimeve t\u00eb kryera nga Policia dhe Prokuroria, ka vendosur  sekuestro preventive ndaj pasurive t\u00eb shtetasit A. T., 46 vje\u00e7, banues n\u00eb Elbasan.<\/p>\n<p>Shtetasi A. T. \u00ebsht\u00eb autor i dyshuar p\u00ebr vepr\u00ebn penale &#8220;Pastrimi i produkteve t\u00eb vepr\u00ebs penale ose veprimtarive kriminale&#8221;, pasi m\u00eb par\u00eb ka q\u00ebn\u00eb i arrestuar n\u00eb Itali, p\u00ebr vepr\u00ebn penale \u201cShfryt\u00ebzimi i prostitucionit\u201d, n\u00eb rrethana r\u00ebnduese.<\/p>\n<p>N\u00eb zbatim t\u00eb vendimit t\u00eb gjykat\u00ebs u b\u00eb i mundur sekuestrimi i pasurive t\u00eb ndryshme, me vler\u00eb rreth 3.5 milion\u00eb euro. Konkretisht jan\u00eb sekuestruar: nj\u00eb nd\u00ebrtes\u00eb trekat\u00ebshe, nj\u00eb nd\u00ebrtes\u00eb dykat\u00ebshe, 3 apartamente, disa automjete t\u00eb llojeve t\u00eb ndryshme, 4 sip\u00ebrfaqe nd\u00ebrtimi dhe nj\u00eb aktivitet tregtar (biznes) me objekt prodhimin e betonit.<\/p>\n<p>N\u00ebn drejtimin e Prokuroris\u00eb po vijon puna p\u00ebr t\u00eb zbuluar asete t\u00eb tjera t\u00eb p\u00ebrfituara n\u00eb m\u00ebnyr\u00eb t\u00eb kund\u00ebrligjshme, q\u00eb ky shtetas dhe familjar\u00ebt e tij mund t\u2019i ken\u00eb regjistruar n\u00eb em\u00ebr t\u00eb personave t\u00eb tjer\u00eb.<\/p>\n<p>Materialet i kaluan Prokuroris\u00eb pran\u00eb Gjykat\u00ebs s\u00eb Rrethit Gjyq\u00ebsor Elbasan, p\u00ebr veprime t\u00eb m\u00ebtejshme.<\/p>\n","protected":false},"excerpt":{"rendered":"<p>Njoftimi: Vendoset sekuestro preventive ndaj pasurive me vler\u00eb rreth 3.5 milion\u00eb euro, q\u00eb dyshohet se jan\u00eb p\u00ebrfituar nga veprimtari kriminale. Vijon puna p\u00ebr gjurmimin, identifikimin dhe sekuestrimin e pasurive qe rrjedhin nga aktivitete kriminale. Finalizohet operacioni policor i koduar &#8220;Fasada&#8221;. Operacioni, i zhvilluar nga Sektori p\u00ebr Hetimin e Krimit Ekonomik dhe Financiar n\u00eb DVP Elbasan, [&hellip;]<\/p>\n","protected":false},"author":2,"featured_media":22582,"comment_status":"open","ping_status":"open","sticky":false,"template":"","format":"standard","meta":{"footnotes":""},"categories":[117],"tags":[27],"class_list":{"0":"post-22581","1":"post","2":"type-post","3":"status-publish","4":"format-standard","5":"has-post-thumbnail","7":"category-aktualitet","8":"tag-lajme"},"_links":{"self":[{"href":"https:\/\/neutrale.al\/index.php\/wp-json\/wp\/v2\/posts\/22581","targetHints":{"allow":["GET"]}}],"collection":[{"href":"https:\/\/neutrale.al\/index.php\/wp-json\/wp\/v2\/posts"}],"about":[{"href":"https:\/\/neutrale.al\/index.php\/wp-json\/wp\/v2\/types\/post"}],"author":[{"embeddable":true,"href":"https:\/\/neutrale.al\/index.php\/wp-json\/wp\/v2\/users\/2"}],"replies":[{"embeddable":true,"href":"https:\/\/neutrale.al\/index.php\/wp-json\/wp\/v2\/comments?post=22581"}],"version-history":[{"count":1,"href":"https:\/\/neutrale.al\/index.php\/wp-json\/wp\/v2\/posts\/22581\/revisions"}],"predecessor-version":[{"id":22583,"href":"https:\/\/neutrale.al\/index.php\/wp-json\/wp\/v2\/posts\/22581\/revisions\/22583"}],"wp:featuredmedia":[{"embeddable":true,"href":"https:\/\/neutrale.al\/index.php\/wp-json\/wp\/v2\/media\/22582"}],"wp:attachment":[{"href":"https:\/\/neutrale.al\/index.php\/wp-json\/wp\/v2\/media?parent=22581"}],"wp:term":[{"taxonomy":"category","embeddable":true,"href":"https:\/\/neutrale.al\/index.php\/wp-json\/wp\/v2\/categories?post=22581"},{"taxonomy":"post_tag","embeddable":true,"href":"https:\/\/neutrale.al\/index.php\/wp-json\/wp\/v2\/tags?post=22581"}],"curies":[{"name":"wp","href":"https:\/\/api.w.org\/{rel}","templated":true}]}}