{"id":22575,"date":"2022-10-06T08:02:20","date_gmt":"2022-10-06T08:02:20","guid":{"rendered":"https:\/\/neutrale.al\/?p=22575"},"modified":"2022-10-06T08:02:20","modified_gmt":"2022-10-06T08:02:20","slug":"av-alfred-duka-bashkimi-si-sinjal-shprese","status":"publish","type":"post","link":"https:\/\/neutrale.al\/index.php\/2022\/10\/06\/av-alfred-duka-bashkimi-si-sinjal-shprese\/","title":{"rendered":"Av.Alfred Duka\/Bashkimi si sinjal shprese."},"content":{"rendered":"<p>N\u00eb kulmin e kriz\u00ebs p\u00ebr\u00e7ar\u00ebse m\u00eb t\u00eb r\u00ebnd\u00eb q\u00eb ka p\u00ebrfshir\u00eb demokrat\u00ebt shqiptar\u00eb, n\u00eb prag t\u00eb fushat\u00ebs zgjedhore vendore vjen nj\u00eb sinjal i fort\u00eb p\u00ebr fillimin e tejkalimit t\u00eb saj, pik\u00ebrisht prej asaj treve t\u00eb varf\u00ebr, e t\u00eb l\u00ebn\u00eb pas dore nga t\u00eb gjitha qeverit\u00eb shqiptare q\u00eb prej fillimit t\u00eb shtetit shqiptar, por q\u00eb ka q\u00ebndruar me identitetin e saj si kresht\u00eb mbi mjegullat e terrin e historis\u00eb s\u00eb shum\u00eb shekujve.<br \/>\nDuke par\u00eb e vler\u00ebsuar k\u00ebt\u00eb situat\u00eb krize pa sh\u00ebnja dalje prej saj, nj\u00eb grup i vog\u00ebl intelektual\u00ebsh demokrat\u00eb mirditor, formuluan nj\u00eb let\u00ebr n\u00eb form\u00ebn e nj\u00eb &#8220;Thirrje&#8221; drejtuar demokrat\u00ebve p\u00ebr gjetjen e formave dhe m\u00ebnyrave p\u00ebr tejkalimin e saj, duke i thirrur frym\u00ebs s\u00eb bashk\u00ebpunimit dhe bashkimit t\u00eb tyre p\u00ebr t\u00eb hyr\u00eb s\u00ebbashku n\u00eb fushat\u00ebn zgjedhore dhe p\u00ebr t&#8217;jua kthyer Bashkin\u00eb Mirdit\u00eb demokrat\u00ebve pas 12 vjet\u00ebsh. N\u00eb p\u00ebrgjigje t\u00eb k\u00ebsaj &#8220;Thirrje&#8221; dy jav\u00eb m\u00eb par\u00eb, u mblodh\u00ebn n\u00eb Rr\u00ebshen p\u00ebrfaq\u00ebsues t\u00eb t\u00eb dy grupeve t\u00eb cil\u00ebt n\u00ebnshkruan nj\u00eb &#8220;Rezolut\u00eb Mir\u00ebkuptimi&#8221;, si dhe vendos\u00ebn q\u00eb n\u00eb takimin e radh\u00ebs, t\u00eb avancohet m\u00eb tej kjo frym\u00eb bashk\u00ebpunimi duke hedhur hapa p\u00ebrpara drejt bashkimit t\u00eb tyre n\u00eb zgjedhjet lokale.<br \/>\nMe dat\u00eb 5 tetor, u realizua dhe konkretizua kjo frym\u00eb bashk\u00ebpunimi me n\u00ebnshkrimin e Deklarat\u00ebs se krijimit t\u00eb &#8220;Bashkimit Demokrat Mirditor&#8221;, me t\u00eb gjitha kompetencat politike vendore p\u00ebr zhvillimin e fushat\u00ebs zgjedhore lokale deri n\u00eb p\u00ebrfundim t\u00eb zgjedhjeve vendore.<br \/>\nPersonalisht mendoj se ky model shprese, \u00ebsht\u00eb e vetmja m\u00ebnyr\u00eb p\u00ebr t&#8217;ua kthyer demokrat\u00ebve bashkit\u00eb e tyre n\u00eb t\u00eb gjith\u00eb Shqip\u00ebrin\u00eb. Sidoqoft\u00eb \u00e7do mendim p\u00ebr ta shtyr\u00eb m\u00eb p\u00ebrpara k\u00ebt\u00eb nism\u00eb, do t\u00eb ishte i mir\u00ebpritur!<\/p>\n<p><img loading=\"lazy\" loading=\"lazy\" decoding=\"async\" src=\"https:\/\/neutrale.al\/wp-content\/uploads\/2022\/10\/D341584F-7605-43AC-ADA0-5777F91092ED-300x200.jpeg\" alt=\"\" width=\"300\" height=\"200\" class=\"alignnone size-medium wp-image-22576\" srcset=\"https:\/\/neutrale.al\/wp-content\/uploads\/2022\/10\/D341584F-7605-43AC-ADA0-5777F91092ED-300x200.jpeg 300w, https:\/\/neutrale.al\/wp-content\/uploads\/2022\/10\/D341584F-7605-43AC-ADA0-5777F91092ED-1024x683.jpeg 1024w, https:\/\/neutrale.al\/wp-content\/uploads\/2022\/10\/D341584F-7605-43AC-ADA0-5777F91092ED-768x512.jpeg 768w, https:\/\/neutrale.al\/wp-content\/uploads\/2022\/10\/D341584F-7605-43AC-ADA0-5777F91092ED-330x220.jpeg 330w, https:\/\/neutrale.al\/wp-content\/uploads\/2022\/10\/D341584F-7605-43AC-ADA0-5777F91092ED-420x280.jpeg 420w, https:\/\/neutrale.al\/wp-content\/uploads\/2022\/10\/D341584F-7605-43AC-ADA0-5777F91092ED-615x410.jpeg 615w, https:\/\/neutrale.al\/wp-content\/uploads\/2022\/10\/D341584F-7605-43AC-ADA0-5777F91092ED-860x573.jpeg 860w, https:\/\/neutrale.al\/wp-content\/uploads\/2022\/10\/D341584F-7605-43AC-ADA0-5777F91092ED.jpeg 1080w\" sizes=\"auto, (max-width: 300px) 100vw, 300px\" \/><\/p>\n<p><img loading=\"lazy\" loading=\"lazy\" decoding=\"async\" src=\"https:\/\/neutrale.al\/wp-content\/uploads\/2022\/10\/4711A9AD-F807-4976-8A2C-80A05F8A7294-225x300.jpeg\" alt=\"\" width=\"225\" height=\"300\" class=\"alignnone size-medium wp-image-22577\" srcset=\"https:\/\/neutrale.al\/wp-content\/uploads\/2022\/10\/4711A9AD-F807-4976-8A2C-80A05F8A7294-225x300.jpeg 225w, https:\/\/neutrale.al\/wp-content\/uploads\/2022\/10\/4711A9AD-F807-4976-8A2C-80A05F8A7294-768x1024.jpeg 768w, https:\/\/neutrale.al\/wp-content\/uploads\/2022\/10\/4711A9AD-F807-4976-8A2C-80A05F8A7294-860x1147.jpeg 860w, https:\/\/neutrale.al\/wp-content\/uploads\/2022\/10\/4711A9AD-F807-4976-8A2C-80A05F8A7294.jpeg 1080w\" sizes=\"auto, (max-width: 225px) 100vw, 225px\" \/><\/p>\n<p><img loading=\"lazy\" loading=\"lazy\" decoding=\"async\" src=\"https:\/\/neutrale.al\/wp-content\/uploads\/2022\/10\/AF0E6729-F205-47E1-8597-A9D7FC665D0B-225x300.jpeg\" alt=\"\" width=\"225\" height=\"300\" class=\"alignnone size-medium wp-image-22578\" srcset=\"https:\/\/neutrale.al\/wp-content\/uploads\/2022\/10\/AF0E6729-F205-47E1-8597-A9D7FC665D0B-225x300.jpeg 225w, https:\/\/neutrale.al\/wp-content\/uploads\/2022\/10\/AF0E6729-F205-47E1-8597-A9D7FC665D0B-768x1024.jpeg 768w, https:\/\/neutrale.al\/wp-content\/uploads\/2022\/10\/AF0E6729-F205-47E1-8597-A9D7FC665D0B-860x1147.jpeg 860w, https:\/\/neutrale.al\/wp-content\/uploads\/2022\/10\/AF0E6729-F205-47E1-8597-A9D7FC665D0B.jpeg 1080w\" sizes=\"auto, (max-width: 225px) 100vw, 225px\" \/><\/p>\n","protected":false},"excerpt":{"rendered":"<p>N\u00eb kulmin e kriz\u00ebs p\u00ebr\u00e7ar\u00ebse m\u00eb t\u00eb r\u00ebnd\u00eb q\u00eb ka p\u00ebrfshir\u00eb demokrat\u00ebt shqiptar\u00eb, n\u00eb prag t\u00eb fushat\u00ebs zgjedhore vendore vjen nj\u00eb sinjal i fort\u00eb p\u00ebr fillimin e tejkalimit t\u00eb saj, pik\u00ebrisht prej asaj treve t\u00eb varf\u00ebr, e t\u00eb l\u00ebn\u00eb pas dore nga t\u00eb gjitha qeverit\u00eb shqiptare q\u00eb prej fillimit t\u00eb shtetit shqiptar, por q\u00eb ka [&hellip;]<\/p>\n","protected":false},"author":2,"featured_media":22579,"comment_status":"open","ping_status":"open","sticky":false,"template":"","format":"standard","meta":{"footnotes":""},"categories":[2],"tags":[],"class_list":{"0":"post-22575","1":"post","2":"type-post","3":"status-publish","4":"format-standard","5":"has-post-thumbnail","7":"category-opinione"},"_links":{"self":[{"href":"https:\/\/neutrale.al\/index.php\/wp-json\/wp\/v2\/posts\/22575","targetHints":{"allow":["GET"]}}],"collection":[{"href":"https:\/\/neutrale.al\/index.php\/wp-json\/wp\/v2\/posts"}],"about":[{"href":"https:\/\/neutrale.al\/index.php\/wp-json\/wp\/v2\/types\/post"}],"author":[{"embeddable":true,"href":"https:\/\/neutrale.al\/index.php\/wp-json\/wp\/v2\/users\/2"}],"replies":[{"embeddable":true,"href":"https:\/\/neutrale.al\/index.php\/wp-json\/wp\/v2\/comments?post=22575"}],"version-history":[{"count":1,"href":"https:\/\/neutrale.al\/index.php\/wp-json\/wp\/v2\/posts\/22575\/revisions"}],"predecessor-version":[{"id":22580,"href":"https:\/\/neutrale.al\/index.php\/wp-json\/wp\/v2\/posts\/22575\/revisions\/22580"}],"wp:featuredmedia":[{"embeddable":true,"href":"https:\/\/neutrale.al\/index.php\/wp-json\/wp\/v2\/media\/22579"}],"wp:attachment":[{"href":"https:\/\/neutrale.al\/index.php\/wp-json\/wp\/v2\/media?parent=22575"}],"wp:term":[{"taxonomy":"category","embeddable":true,"href":"https:\/\/neutrale.al\/index.php\/wp-json\/wp\/v2\/categories?post=22575"},{"taxonomy":"post_tag","embeddable":true,"href":"https:\/\/neutrale.al\/index.php\/wp-json\/wp\/v2\/tags?post=22575"}],"curies":[{"name":"wp","href":"https:\/\/api.w.org\/{rel}","templated":true}]}}