{"id":22538,"date":"2022-10-05T20:14:37","date_gmt":"2022-10-05T20:14:37","guid":{"rendered":"https:\/\/neutrale.al\/?p=22538"},"modified":"2022-10-05T20:14:37","modified_gmt":"2022-10-05T20:14:37","slug":"gazeta-turke-sabah-e-quan-emisionin-satirik-nje-turp-per-televizionin-suedez","status":"publish","type":"post","link":"https:\/\/neutrale.al\/index.php\/2022\/10\/05\/gazeta-turke-sabah-e-quan-emisionin-satirik-nje-turp-per-televizionin-suedez\/","title":{"rendered":"Gazeta turke &#8220;Sabah&#8221; e quan emisionin satirik nj\u00eb &#8220;turp p\u00ebr televizionin suedez&#8221;."},"content":{"rendered":"<p>Nga Stokholmi shkruan Urim Gjata.<\/p>\n<p>\u201cK\u00ebshtu do t\u00eb hyjn\u00eb n\u00eb NATO?\u201d, <\/p>\n<p>Pyet gazeta turke, e cila thekson se Turqia ka mund\u00ebsin\u00eb t\u00eb p\u00ebrdor\u00eb veton e saj p\u00ebr t\u00eb penguar Suedin\u00eb t\u00eb an\u00ebtar\u00ebsohet n\u00eb aleanc\u00ebn e mbrojtjes.<\/p>\n<p>Komediani suedez-kurd Kadir Meral mori shum\u00eb hap\u00ebsir\u00eb n\u00eb transmetimin e fundit kur vinjeta e programit u ndryshua n\u00eb &#8220;Kurdish news&#8221;, dhe ai mori postin e drejtuesit<\/p>\n<p>\ud83d\udd3bGjith\u00e7ka n\u00eb humorin televiziv tregon se Erdogani i shtrir\u00eb aty duke b\u00ebr\u00eb p*rdh\u00eb sepse ka ngr\u00ebn\u00eb shum\u00eb shishkebab.<\/p>\n<p>&#8220;Turku veto&#8221;<br \/>\nN\u00eb episodin e s\u00eb premtes t\u00eb programit satirik t\u00eb SVT &#8220;Svenska nyheter&#8221; nj\u00eb pjes\u00eb m\u00eb e gjat\u00eb iu kushtua marr\u00ebdh\u00ebnieve aktuale t\u00eb Suedis\u00eb me Turqin\u00eb n\u00eb p\u00ebrgjith\u00ebsi dhe presidentit t\u00eb vendit Rexhep Tajip Erdogan n\u00eb ve\u00e7anti. <\/p>\n<p>N\u00eb emision kishte nj\u00eb batut\u00eb t\u00eb mir\u00eb p\u00ebr &#8220;turkun veto&#8221; Erdogan dhe p\u00ebr k\u00ebrkesat e tij p\u00ebr an\u00ebtar\u00ebsimin e Suedis\u00eb n\u00eb NATO.<\/p>\n<p>&#8220;Budalla&#8221;<br \/>\n\u201c\u00c7far\u00eb budallai\u201d, deklaroi prezantuesi Kristoffer Ahonen Appelquist p\u00ebr Erdoganin, por i dha nj\u00eb \u00e7izme edhe \u201czvarritjes\u201d s\u00eb qeveris\u00eb suedeze p\u00ebr Turqin\u00eb.<\/p>\n<p>Ahonen Appelquist p\u00ebrfundoi duke iu drejtuar Erdoganit drejtp\u00ebrdrejt me fjal\u00ebt:<\/p>\n<p>&#8220;Edhe nje gje.<br \/>\nJu duhet t&#8217;i jepni nj\u00eb mallkim atij q\u00eb ne intervistojm\u00eb ose shfaqim n\u00eb TV. <\/p>\n<p>K\u00ebtu kemi demokraci dhe n\u00ebse dua t\u00eb ndryshoj &#8216;lajmet suedeze&#8217; n\u00eb &#8216;lajme kurde&#8217;, do ta b\u00ebj. Pra \u2013 tani po\u201d.<\/p>\n<p>Ai vazhdoi t\u00eb b\u00ebnte shaka me zem\u00ebr t\u00eb leht\u00eb p\u00ebr Erdoganin, n\u00eb gjuh\u00ebn kurde. <\/p>\n<p>Pasi, nd\u00ebr t\u00eb tjera, b\u00ebri shaka me stomakun e gazt\u00eb t\u00eb presidentit, vij\u00ebn e rrall\u00eb t\u00eb flok\u00ebve dhe pamjen e zhveshur, ai gjithashtu iu drejtua drejtp\u00ebrdrejt presidentit:<\/p>\n<p>\u201cErdogan, ju doni t\u00eb sillni n\u00eb sht\u00ebpi kritik\u00ebt dhe aktivist\u00ebt nga Suedia. Pra, t\u00eb gjith\u00eb ata q\u00eb nuk ju p\u00ebrshtaten dhe q\u00eb ju urreni! <\/p>\n<p>A e b\u00ebni k\u00ebt\u00eb edhe kur blini online? <\/p>\n<p>\u2019Oh, \u00e7far\u00eb nj\u00eb cop\u00eb e sh\u00ebmtuar n\u00eb madh\u00ebsin\u00eb e gabuar, duhet ta kem at\u00eb!&#8217;?\u201d.<\/p>\n","protected":false},"excerpt":{"rendered":"<p>Nga Stokholmi shkruan Urim Gjata. \u201cK\u00ebshtu do t\u00eb hyjn\u00eb n\u00eb NATO?\u201d, Pyet gazeta turke, e cila thekson se Turqia ka mund\u00ebsin\u00eb t\u00eb p\u00ebrdor\u00eb veton e saj p\u00ebr t\u00eb penguar Suedin\u00eb t\u00eb an\u00ebtar\u00ebsohet n\u00eb aleanc\u00ebn e mbrojtjes. Komediani suedez-kurd Kadir Meral mori shum\u00eb hap\u00ebsir\u00eb n\u00eb transmetimin e fundit kur vinjeta e programit u ndryshua n\u00eb &#8220;Kurdish [&hellip;]<\/p>\n","protected":false},"author":2,"featured_media":22539,"comment_status":"open","ping_status":"open","sticky":false,"template":"","format":"standard","meta":{"footnotes":""},"categories":[12],"tags":[27],"class_list":{"0":"post-22538","1":"post","2":"type-post","3":"status-publish","4":"format-standard","5":"has-post-thumbnail","7":"category-bota","8":"tag-lajme"},"_links":{"self":[{"href":"https:\/\/neutrale.al\/index.php\/wp-json\/wp\/v2\/posts\/22538","targetHints":{"allow":["GET"]}}],"collection":[{"href":"https:\/\/neutrale.al\/index.php\/wp-json\/wp\/v2\/posts"}],"about":[{"href":"https:\/\/neutrale.al\/index.php\/wp-json\/wp\/v2\/types\/post"}],"author":[{"embeddable":true,"href":"https:\/\/neutrale.al\/index.php\/wp-json\/wp\/v2\/users\/2"}],"replies":[{"embeddable":true,"href":"https:\/\/neutrale.al\/index.php\/wp-json\/wp\/v2\/comments?post=22538"}],"version-history":[{"count":1,"href":"https:\/\/neutrale.al\/index.php\/wp-json\/wp\/v2\/posts\/22538\/revisions"}],"predecessor-version":[{"id":22540,"href":"https:\/\/neutrale.al\/index.php\/wp-json\/wp\/v2\/posts\/22538\/revisions\/22540"}],"wp:featuredmedia":[{"embeddable":true,"href":"https:\/\/neutrale.al\/index.php\/wp-json\/wp\/v2\/media\/22539"}],"wp:attachment":[{"href":"https:\/\/neutrale.al\/index.php\/wp-json\/wp\/v2\/media?parent=22538"}],"wp:term":[{"taxonomy":"category","embeddable":true,"href":"https:\/\/neutrale.al\/index.php\/wp-json\/wp\/v2\/categories?post=22538"},{"taxonomy":"post_tag","embeddable":true,"href":"https:\/\/neutrale.al\/index.php\/wp-json\/wp\/v2\/tags?post=22538"}],"curies":[{"name":"wp","href":"https:\/\/api.w.org\/{rel}","templated":true}]}}