{"id":22513,"date":"2022-10-05T18:16:27","date_gmt":"2022-10-05T18:16:27","guid":{"rendered":"https:\/\/neutrale.al\/?p=22513"},"modified":"2022-10-05T18:16:27","modified_gmt":"2022-10-05T18:16:27","slug":"berisha-takon-kryetaret-e-partive-aleate-kandidate-te-perbashket-ne-zgjedhjet-vendore","status":"publish","type":"post","link":"https:\/\/neutrale.al\/index.php\/2022\/10\/05\/berisha-takon-kryetaret-e-partive-aleate-kandidate-te-perbashket-ne-zgjedhjet-vendore\/","title":{"rendered":"Berisha takon kryetar\u00ebt e partive aleate\/ Kandidat\u00eb t\u00eb p\u00ebrbashk\u00ebt n\u00eb zgjedhjet vendore."},"content":{"rendered":"<p>M\u00eb posht\u00eb njoftimi i zyr\u00ebs s\u00eb shtypit t\u00eb selis\u00eb blu:<\/p>\n<p>NJOFTIM PER SHTYP<\/p>\n<p>Takim me kryetar\u00ebt e partive aleate<\/p>\n<p>Kryetari i Partis\u00eb Demokratike t\u00eb Shqip\u00ebris\u00eb, Sali Berisha zhvilloi nj\u00eb takim me kryetarin e Partis\u00eb Republikane z. Fatmir Mediu, kryetarin e Partis\u00eb s\u00eb t\u00eb Drejtave t\u00eb Njeriut z. Vangjel Dule, Kryetarin e Partis\u00eb Agrare- Ambjentaliste z. Agron Duka dhe kryetarin e L\u00ebvizjes p\u00ebr Zhvillim Komb\u00ebtar z. Dashamir Shehu. N\u00eb k\u00ebt\u00eb takim u diskutua p\u00ebr bashk\u00ebpunimin midis k\u00ebtyre forcave politike n\u00eb zgjedhjet e ardhshme vendore dhe u ra dakord q\u00eb k\u00ebto forcat politike t\u00eb dalin n\u00eb zgjedhje me kandidat t\u00eb p\u00ebrbashk\u00ebt. Takimi u karakterizua nga fryma e mir\u00ebkuptimit t\u00eb plot\u00eb. <\/p>\n<p>ZYRA E SHTYPIT-PARTIA DEMOKRATIKE<\/p>\n","protected":false},"excerpt":{"rendered":"<p>M\u00eb posht\u00eb njoftimi i zyr\u00ebs s\u00eb shtypit t\u00eb selis\u00eb blu: NJOFTIM PER SHTYP Takim me kryetar\u00ebt e partive aleate Kryetari i Partis\u00eb Demokratike t\u00eb Shqip\u00ebris\u00eb, Sali Berisha zhvilloi nj\u00eb takim me kryetarin e Partis\u00eb Republikane z. Fatmir Mediu, kryetarin e Partis\u00eb s\u00eb t\u00eb Drejtave t\u00eb Njeriut z. Vangjel Dule, Kryetarin e Partis\u00eb Agrare- Ambjentaliste z. [&hellip;]<\/p>\n","protected":false},"author":2,"featured_media":22514,"comment_status":"open","ping_status":"open","sticky":false,"template":"","format":"standard","meta":{"footnotes":""},"categories":[9],"tags":[27],"class_list":{"0":"post-22513","1":"post","2":"type-post","3":"status-publish","4":"format-standard","5":"has-post-thumbnail","7":"category-politika","8":"tag-lajme"},"_links":{"self":[{"href":"https:\/\/neutrale.al\/index.php\/wp-json\/wp\/v2\/posts\/22513","targetHints":{"allow":["GET"]}}],"collection":[{"href":"https:\/\/neutrale.al\/index.php\/wp-json\/wp\/v2\/posts"}],"about":[{"href":"https:\/\/neutrale.al\/index.php\/wp-json\/wp\/v2\/types\/post"}],"author":[{"embeddable":true,"href":"https:\/\/neutrale.al\/index.php\/wp-json\/wp\/v2\/users\/2"}],"replies":[{"embeddable":true,"href":"https:\/\/neutrale.al\/index.php\/wp-json\/wp\/v2\/comments?post=22513"}],"version-history":[{"count":1,"href":"https:\/\/neutrale.al\/index.php\/wp-json\/wp\/v2\/posts\/22513\/revisions"}],"predecessor-version":[{"id":22515,"href":"https:\/\/neutrale.al\/index.php\/wp-json\/wp\/v2\/posts\/22513\/revisions\/22515"}],"wp:featuredmedia":[{"embeddable":true,"href":"https:\/\/neutrale.al\/index.php\/wp-json\/wp\/v2\/media\/22514"}],"wp:attachment":[{"href":"https:\/\/neutrale.al\/index.php\/wp-json\/wp\/v2\/media?parent=22513"}],"wp:term":[{"taxonomy":"category","embeddable":true,"href":"https:\/\/neutrale.al\/index.php\/wp-json\/wp\/v2\/categories?post=22513"},{"taxonomy":"post_tag","embeddable":true,"href":"https:\/\/neutrale.al\/index.php\/wp-json\/wp\/v2\/tags?post=22513"}],"curies":[{"name":"wp","href":"https:\/\/api.w.org\/{rel}","templated":true}]}}