{"id":22509,"date":"2022-10-05T17:53:54","date_gmt":"2022-10-05T17:53:54","guid":{"rendered":"https:\/\/neutrale.al\/?p=22509"},"modified":"2022-10-05T17:53:54","modified_gmt":"2022-10-05T17:53:54","slug":"drejt-perfundimit-spitali-i-semundjeve-te-brendshme-rama-investimi-me-i-madh-ne-tre-dekada","status":"publish","type":"post","link":"https:\/\/neutrale.al\/index.php\/2022\/10\/05\/drejt-perfundimit-spitali-i-semundjeve-te-brendshme-rama-investimi-me-i-madh-ne-tre-dekada\/","title":{"rendered":"Drejt p\u00ebrfundimit Spitali i S\u00ebmundjeve t\u00eb Brendshme\/ Rama: Investimi m\u00eb i madh n\u00eb tre dekada"},"content":{"rendered":"<p>K\u00ebshtu e konsideron kryeministri Edi Rama, spitalin e ri t\u00eb s\u00ebmundjeve t\u00eb brendshme.<\/p>\n<p>Ai e ka inspektuar sot k\u00ebt\u00eb investim dhe ka p\u00ebrcjell\u00eb mesazhin e m\u00ebposht\u00ebm t\u00eb shoq\u00ebruar me nj\u00eb video treguese:<\/p>\n<p>\ud83d\udfe2 Drejt p\u00ebrfundimit investimi m\u00eb i madh i k\u00ebtyre tre dekadave n\u00eb sh\u00ebndet\u00ebsi. Spitali i Ri i S\u00ebmundjeve t\u00eb Brendshme n\u00eb #QSUT, me 350 shtret\u00ebr t\u00eb rinj, i cili do t\u00eb ngrej\u00eb m\u00eb tutje nivelin e sh\u00ebrbimit sh\u00ebndet\u00ebsor publik me standarde europiane \ud83c\udfe5\ud83e\udd7c\ud83d\udc69\u200d\u2695\ufe0f\ud83e\ude7a<\/p>\n<p>#T\u00ebBashkuarJoT\u00ebNdar\u00eb\ud83e\udef6<br \/>\n#Shqip\u00ebriaEArdhmjaJon\u00eb\u2600\ufe0f\ud83c\udde6\ud83c\uddf1<br \/>\n#SkaKoh\u00ebP\u00ebrPushim\ud83c\udfc3\u200d\u2640\ufe0f\ud83c\udfc3\ud83c\udffb\u200d\u2642\ufe0f<\/p>\n<p><img loading=\"lazy\" loading=\"lazy\" decoding=\"async\" src=\"https:\/\/neutrale.al\/wp-content\/uploads\/2022\/10\/19B53BC6-540E-4D26-8FE6-1511232943D3-300x137.jpeg\" alt=\"\" width=\"300\" height=\"137\" class=\"alignnone size-medium wp-image-22510\" srcset=\"https:\/\/neutrale.al\/wp-content\/uploads\/2022\/10\/19B53BC6-540E-4D26-8FE6-1511232943D3-300x137.jpeg 300w, https:\/\/neutrale.al\/wp-content\/uploads\/2022\/10\/19B53BC6-540E-4D26-8FE6-1511232943D3-1024x468.jpeg 1024w, https:\/\/neutrale.al\/wp-content\/uploads\/2022\/10\/19B53BC6-540E-4D26-8FE6-1511232943D3-768x351.jpeg 768w, https:\/\/neutrale.al\/wp-content\/uploads\/2022\/10\/19B53BC6-540E-4D26-8FE6-1511232943D3-860x393.jpeg 860w, https:\/\/neutrale.al\/wp-content\/uploads\/2022\/10\/19B53BC6-540E-4D26-8FE6-1511232943D3.jpeg 1080w\" sizes=\"auto, (max-width: 300px) 100vw, 300px\" \/><\/p>\n","protected":false},"excerpt":{"rendered":"<p>K\u00ebshtu e konsideron kryeministri Edi Rama, spitalin e ri t\u00eb s\u00ebmundjeve t\u00eb brendshme. Ai e ka inspektuar sot k\u00ebt\u00eb investim dhe ka p\u00ebrcjell\u00eb mesazhin e m\u00ebposht\u00ebm t\u00eb shoq\u00ebruar me nj\u00eb video treguese: \ud83d\udfe2 Drejt p\u00ebrfundimit investimi m\u00eb i madh i k\u00ebtyre tre dekadave n\u00eb sh\u00ebndet\u00ebsi. Spitali i Ri i S\u00ebmundjeve t\u00eb Brendshme n\u00eb #QSUT, me [&hellip;]<\/p>\n","protected":false},"author":2,"featured_media":22511,"comment_status":"open","ping_status":"open","sticky":false,"template":"","format":"standard","meta":{"footnotes":""},"categories":[118],"tags":[],"class_list":{"0":"post-22509","1":"post","2":"type-post","3":"status-publish","4":"format-standard","5":"has-post-thumbnail","7":"category-kryesore"},"_links":{"self":[{"href":"https:\/\/neutrale.al\/index.php\/wp-json\/wp\/v2\/posts\/22509","targetHints":{"allow":["GET"]}}],"collection":[{"href":"https:\/\/neutrale.al\/index.php\/wp-json\/wp\/v2\/posts"}],"about":[{"href":"https:\/\/neutrale.al\/index.php\/wp-json\/wp\/v2\/types\/post"}],"author":[{"embeddable":true,"href":"https:\/\/neutrale.al\/index.php\/wp-json\/wp\/v2\/users\/2"}],"replies":[{"embeddable":true,"href":"https:\/\/neutrale.al\/index.php\/wp-json\/wp\/v2\/comments?post=22509"}],"version-history":[{"count":1,"href":"https:\/\/neutrale.al\/index.php\/wp-json\/wp\/v2\/posts\/22509\/revisions"}],"predecessor-version":[{"id":22512,"href":"https:\/\/neutrale.al\/index.php\/wp-json\/wp\/v2\/posts\/22509\/revisions\/22512"}],"wp:featuredmedia":[{"embeddable":true,"href":"https:\/\/neutrale.al\/index.php\/wp-json\/wp\/v2\/media\/22511"}],"wp:attachment":[{"href":"https:\/\/neutrale.al\/index.php\/wp-json\/wp\/v2\/media?parent=22509"}],"wp:term":[{"taxonomy":"category","embeddable":true,"href":"https:\/\/neutrale.al\/index.php\/wp-json\/wp\/v2\/categories?post=22509"},{"taxonomy":"post_tag","embeddable":true,"href":"https:\/\/neutrale.al\/index.php\/wp-json\/wp\/v2\/tags?post=22509"}],"curies":[{"name":"wp","href":"https:\/\/api.w.org\/{rel}","templated":true}]}}