{"id":22500,"date":"2022-10-05T17:28:09","date_gmt":"2022-10-05T17:28:09","guid":{"rendered":"https:\/\/neutrale.al\/?p=22500"},"modified":"2022-10-05T17:28:09","modified_gmt":"2022-10-05T17:28:09","slug":"washington-diplomat-berisha-ka-ende-miq-te-fuqishem-ne-shba-kryetari-i-pd-do-rikthehem-si-kryeminister","status":"publish","type":"post","link":"https:\/\/neutrale.al\/index.php\/2022\/10\/05\/washington-diplomat-berisha-ka-ende-miq-te-fuqishem-ne-shba-kryetari-i-pd-do-rikthehem-si-kryeminister\/","title":{"rendered":"Washington Diplomat: Berisha ka ende miq t\u00eb fuqish\u00ebm n\u00eb SHBA\/ Kryetari i PD: Do rikthehem si kryeminist\u00ebr!"},"content":{"rendered":"<p>PAVAR\u00cbSISHT PROBLEMEVE, SALI BERISHA KA MIQ T\u00cb FUQISH\u00cbM N\u00cb CAPITOL HILL.<\/p>\n<p>BERISHA, TANI LIDER I OPOZIT\u00cbS S\u00cb VENDIT, \u00cbSHT\u00cb ARMIKU POLITIK I KRYEMINISTRIT AKTUAL EDI RAMA, I CILI E MBAN POSTIN Q\u00cb M\u00cb 2013 DHE DREJTON PARTIN\u00cb SOCIALISTE Q\u00cb M\u00cb 2005.<\/p>\n<p>N\u00cb FUND, GAZETARI E PYET BERISH\u00cbN N\u00cbSE DO T\u00cb RIKTHEHET SI KRYEMINIST\u00cbR.<\/p>\n<p>\u201cPA DISKUTIM\u201d, U P\u00cbRGJIGJ PA HEZITUAR, DUKE SHTUAR SE DO T\u00cb B\u00cbNTE NJ\u00cb PUN\u00cb SHUM\u00cb M\u00cb T\u00cb MIR\u00cb SE RAMA, I CILI QEVERIS AKTUALISHT SHQIP\u00cbRIN\u00cb.<\/p>\n<p>NGA 2006 DERI M\u00cb 2013, GJAT\u00cb QEVERISJES S\u00cb TIJ, THOT\u00cb SE SHQIP\u00cbRIA PATI RRITJEN E PAGAVE MESATARE M\u00cb T\u00cb LART\u00cb N\u00cb BALLKAN; TANI \u00cbSHT\u00cb M\u00cb E UL\u00cbTA.<\/p>\n<p>Kryetari demokrat, Sali Berisha, ka dh\u00ebn\u00eb nj\u00eb intervist\u00eb p\u00ebr gazet\u00ebn e njohur amerikane, \u2018Washington Diplomat\u2019. Gjat\u00eb k\u00ebsaj interviste, ai rr\u00ebzon akuzat q\u00eb jan\u00eb ngritur ndaj tij nga Antony Blinken.<\/p>\n<p>Berisha faj\u00ebson Sorosin se q\u00ebndron pas k\u00ebsaj fushate kund\u00ebr tij. Ai thot\u00eb se ka dal\u00eb kund\u00ebr Soros n\u00eb t\u00eb pakt\u00ebn dy raste, p\u00ebr \u00e7\u00ebshtjen e reform\u00ebs n\u00eb drejt\u00ebsi dhe p\u00ebr \u00e7\u00ebshtjen e ndryshimit t\u00eb kufijve n\u00eb Kosov\u00eb.<\/p>\n<p>Nd\u00ebrkoh\u00eb gazeta shkruan se pavar\u00ebsisht problemeve, Berisha ka miq t\u00eb fuqish\u00ebm n\u00eb Capitol Hill.<\/p>\n<p>\u201cBerisha, tani lider i opozit\u00ebs s\u00eb vendit, \u00ebsht\u00eb armiku politik i kryeministrit aktual Edi Rama, i cili e mban postin q\u00eb m\u00eb 2013 dhe drejton Partin\u00eb Socialiste q\u00eb m\u00eb 2005.<\/p>\n<p>Pavar\u00ebsisht problemeve, Berisha ka miq t\u00eb fuqish\u00ebm n\u00eb Capitol Hill.<\/p>\n<p>Vitin e kaluar, kongresmeni republikan Lee Zeldin (Ne\u00eb York), n\u00eb nj\u00eb intervist\u00eb me ultrakonservativen Washington Free Beacon, akuzoi administrat\u00ebn Biden p\u00ebr \u201csjellje t\u00eb dyshimt\u00eb e t\u00eb papranueshme\u201d n\u00eb nd\u00ebshkimin e besnik\u00ebris\u00eb s\u00eb Berish\u00ebs karshi Partis\u00eb Republikane, dhe kund\u00ebrv\u00ebnies ndaj Sorosit, miliarderi donator bujar i Demokrat\u00ebve dhe kauzave liberale.<\/p>\n<p>\u201cPrej muaj t\u00eb t\u00ebr\u00eb, Departamenti i Shtetit refuzon n\u00eb m\u00ebnyr\u00eb t\u00eb p\u00ebrs\u00ebritur t\u00eb jap\u00eb nj\u00eb p\u00ebrgjigje reale, t\u00eb detajuar, p\u00ebr akuzat p\u00ebr \u2018korrupsion serioz\u2019 t\u00eb p\u00ebrdorura p\u00ebr sanksionimin e Berish\u00ebs,\u201d thoshte Zeldin. \u201cPavar\u00ebsisht k\u00ebrkesave t\u00eb shumta p\u00ebr takim dhe informacion shtes\u00eb, Departamenti i Shtetit ka ofruar vet\u00ebm p\u00ebrgjigje sporadike, jo bind\u00ebse, q\u00eb i vijn\u00eb rrotull pyetjes dhe nuk iu adresohen akteve specifike t\u00eb zotit Berisha q\u00eb cil\u00ebsohen si \u2018korrupsion\u2019 apo procesit vendimmarr\u00ebs q\u00eb administrata ka p\u00ebrdor p\u00ebr p\u00ebrcaktimin e sanksioneve si ato t\u00eb duhurat\u201d,\u201d\u00a0shkruan gazeta.<\/p>\n<p>N\u00eb fund, gazetari e pyet Berish\u00ebn n\u00ebse do t\u00eb rikthehet si kryeminist\u00ebr.<\/p>\n<p>\u201cPa diskutim\u201d, u p\u00ebrgjigj pa hezituar, duke shtuar se do t\u00eb b\u00ebnte nj\u00eb pun\u00eb shum\u00eb m\u00eb t\u00eb mir\u00eb se Rama, i cili qeveris aktualisht Shqip\u00ebrin\u00eb. Nga 2006 deri m\u00eb 2013, gjat\u00eb qeverisjes s\u00eb tij, thot\u00eb se Shqip\u00ebria pati rritjen e pagave mesatare m\u00eb t\u00eb lart\u00eb n\u00eb Ballkan; tani \u00ebsht\u00eb m\u00eb e ul\u00ebta.<\/p>\n<p>P\u00ebr m\u00eb tep\u00ebr, midis 2014 e 2021, rreth 744 mij\u00eb shqiptar\u00eb jan\u00eb larguar nga vendi drejt shteteve t\u00eb BE, thot\u00eb duke cituar shifra nga Eurostat. Ata p\u00ebrfaq\u00ebsojn\u00eb 26% t\u00eb popullsis\u00eb s\u00eb Shqip\u00ebris\u00eb dhe nuk p\u00ebrfshijn\u00eb t\u00eb emigruarit n\u00eb SHBA, Kanada, apo juridiksione t\u00eb tjera jasht\u00eb BE.<\/p>\n<p>\u201cPaga mesatare k\u00ebtu \u00ebsht\u00eb vet\u00ebm 380 euro n\u00eb muaj. Edhe Kosova e ka 20% m\u00eb t\u00eb lart\u00eb\u201d, ankohet. \u201cPapun\u00ebsia k\u00ebtu zgjidhet vet\u00ebm duke ikur nga vendi\u201d. alinsweden.blog<\/p>\n<p>Albania\u2019s ex-president Sali Berisha blasts US \u2018persona non grata\u2019 status.\u00a0https:\/\/washdiplomat.com\/albanias-ex-president-sali-berisha-blasts-us-persona-non-grata-status\/<\/p>\n<p><img loading=\"lazy\" loading=\"lazy\" decoding=\"async\" src=\"https:\/\/neutrale.al\/wp-content\/uploads\/2022\/10\/E5DECA6F-981A-4BB4-94B7-6ED841745AD1-283x300.jpeg\" alt=\"\" width=\"283\" height=\"300\" class=\"alignnone size-medium wp-image-22502\" srcset=\"https:\/\/neutrale.al\/wp-content\/uploads\/2022\/10\/E5DECA6F-981A-4BB4-94B7-6ED841745AD1-283x300.jpeg 283w, https:\/\/neutrale.al\/wp-content\/uploads\/2022\/10\/E5DECA6F-981A-4BB4-94B7-6ED841745AD1-967x1024.jpeg 967w, https:\/\/neutrale.al\/wp-content\/uploads\/2022\/10\/E5DECA6F-981A-4BB4-94B7-6ED841745AD1-768x814.jpeg 768w, https:\/\/neutrale.al\/wp-content\/uploads\/2022\/10\/E5DECA6F-981A-4BB4-94B7-6ED841745AD1-860x911.jpeg 860w, https:\/\/neutrale.al\/wp-content\/uploads\/2022\/10\/E5DECA6F-981A-4BB4-94B7-6ED841745AD1.jpeg 1080w\" sizes=\"auto, (max-width: 283px) 100vw, 283px\" \/><\/p>\n","protected":false},"excerpt":{"rendered":"<p>PAVAR\u00cbSISHT PROBLEMEVE, SALI BERISHA KA MIQ T\u00cb FUQISH\u00cbM N\u00cb CAPITOL HILL. BERISHA, TANI LIDER I OPOZIT\u00cbS S\u00cb VENDIT, \u00cbSHT\u00cb ARMIKU POLITIK I KRYEMINISTRIT AKTUAL EDI RAMA, I CILI E MBAN POSTIN Q\u00cb M\u00cb 2013 DHE DREJTON PARTIN\u00cb SOCIALISTE Q\u00cb M\u00cb 2005. N\u00cb FUND, GAZETARI E PYET BERISH\u00cbN N\u00cbSE DO T\u00cb RIKTHEHET SI KRYEMINIST\u00cbR. \u201cPA DISKUTIM\u201d, [&hellip;]<\/p>\n","protected":false},"author":2,"featured_media":22501,"comment_status":"open","ping_status":"open","sticky":false,"template":"","format":"standard","meta":{"footnotes":""},"categories":[9],"tags":[27],"class_list":{"0":"post-22500","1":"post","2":"type-post","3":"status-publish","4":"format-standard","5":"has-post-thumbnail","7":"category-politika","8":"tag-lajme"},"_links":{"self":[{"href":"https:\/\/neutrale.al\/index.php\/wp-json\/wp\/v2\/posts\/22500","targetHints":{"allow":["GET"]}}],"collection":[{"href":"https:\/\/neutrale.al\/index.php\/wp-json\/wp\/v2\/posts"}],"about":[{"href":"https:\/\/neutrale.al\/index.php\/wp-json\/wp\/v2\/types\/post"}],"author":[{"embeddable":true,"href":"https:\/\/neutrale.al\/index.php\/wp-json\/wp\/v2\/users\/2"}],"replies":[{"embeddable":true,"href":"https:\/\/neutrale.al\/index.php\/wp-json\/wp\/v2\/comments?post=22500"}],"version-history":[{"count":1,"href":"https:\/\/neutrale.al\/index.php\/wp-json\/wp\/v2\/posts\/22500\/revisions"}],"predecessor-version":[{"id":22503,"href":"https:\/\/neutrale.al\/index.php\/wp-json\/wp\/v2\/posts\/22500\/revisions\/22503"}],"wp:featuredmedia":[{"embeddable":true,"href":"https:\/\/neutrale.al\/index.php\/wp-json\/wp\/v2\/media\/22501"}],"wp:attachment":[{"href":"https:\/\/neutrale.al\/index.php\/wp-json\/wp\/v2\/media?parent=22500"}],"wp:term":[{"taxonomy":"category","embeddable":true,"href":"https:\/\/neutrale.al\/index.php\/wp-json\/wp\/v2\/categories?post=22500"},{"taxonomy":"post_tag","embeddable":true,"href":"https:\/\/neutrale.al\/index.php\/wp-json\/wp\/v2\/tags?post=22500"}],"curies":[{"name":"wp","href":"https:\/\/api.w.org\/{rel}","templated":true}]}}