{"id":22407,"date":"2022-10-05T09:46:39","date_gmt":"2022-10-05T09:46:39","guid":{"rendered":"https:\/\/neutrale.al\/?p=22407"},"modified":"2022-10-05T09:46:39","modified_gmt":"2022-10-05T09:46:39","slug":"bardhi-replike-me-noken-flamuri-po-shpif-ndaj-meje-dhe-kolegeve","status":"publish","type":"post","link":"https:\/\/neutrale.al\/index.php\/2022\/10\/05\/bardhi-replike-me-noken-flamuri-po-shpif-ndaj-meje-dhe-kolegeve\/","title":{"rendered":"Bardhi replik\u00eb me Nok\u00ebn\/  Flamuri po shpif ndaj meje dhe koleg\u00ebve&#8230;"},"content":{"rendered":"<p>Nj\u00eb p\u00ebrplasje tjet\u00ebr konturohet brenda PD-s\u00eb.<br \/>\nK\u00ebt\u00eb her\u00eb replikat jan\u00eb midis Gazment Bardhit dhe Flamur Nok\u00ebs dhe jan\u00eb t\u00eb ashpra.<\/p>\n<p>Bardhi reagon n\u00eb rrjetet sociale dhe po e japim postimin e tij t\u00eb plot\u00eb:<\/p>\n<p>Nj\u00eb p\u00ebrgjigje e detyruar p\u00ebr Flamurin e keqp\u00ebrdorur t\u00eb opozit\u00ebs s\u00eb rreme  <\/p>\n<p>Shum\u00eb miq m\u00eb thon\u00eb t\u00eb mos e marr seriozisht Flamur Nok\u00ebn p\u00ebr shpifjet q\u00eb shp\u00ebrndan her\u00eb pas here. Por nuk do t\u00eb hesht m\u00eb pas serialit t\u00eb ri t\u00eb shpifjeve, t\u00eb nisur dit\u00ebt e fundit ndaj meje dhe disa koleg\u00ebve t\u00eb tjer\u00eb. Ndryshe prej tij, ne nuk kemi ngritur flamurin e opozitarizmit t\u00eb rrem\u00eb. Kur denoncojm\u00eb korrupsionin dhe paligjshm\u00ebrin\u00eb nuk selektojm\u00eb n\u00eb \u201ctan\u00ebt\u201d dhe \u201ct\u00eb tyret\u201d. <\/p>\n<p>E kuptoj q\u00eb kjo e shqet\u00ebson Flamur Nok\u00ebn, prandaj ka gjetur nj\u00eb shpifje t\u00eb re ndaj meje, duke m\u00eb akuzuar se denoncoj oligark\u00ebt p\u00ebr t\u2019u vendosur gjoba atyre!!!<\/p>\n<p>Le t\u2019i marrim me radh\u00eb dhe e nisim nga denoncimi im i fundit p\u00ebr t\u00eb cilin grupimi i Flamur Nok\u00ebs nuk ka hapur goj\u00ebn akoma. <\/p>\n<p>Kujt i paskam v\u00ebn\u00eb gjob\u00eb un\u00eb me denoncimin p\u00ebr katet shtes\u00eb pa leje n\u00eb 14 Korrik n\u00eb parlament? I kam vendosur gjob\u00eb Shefqet Kastratit, mikut t\u00eb Flamur Nok\u00ebs? Meq\u00eb falet \u00e7do jav\u00eb te lala i Edi Ram\u00ebs, le ta pyes\u00eb a i kam vendosur gjob\u00eb! <\/p>\n<p>Nuk habitem q\u00eb Flamur Noka \u00ebsht\u00eb shqet\u00ebsuar nga denoncimi q\u00eb i kam b\u00ebr\u00eb paligjshm\u00ebris\u00eb s\u00eb Kastratit t\u00eb Edi Ram\u00ebs me Kull\u00ebn p\u00ebrball\u00eb Partis\u00eb Demokratike. Nuk habitem as nga porosia q\u00eb i kan\u00eb dh\u00ebn\u00eb p\u00ebr t\u00eb shpifur ndaj meje. Nga personi q\u00eb akuzoi demokrat\u00ebt e Kuk\u00ebsit se ishin t\u00eb orkestruar nga Edi Rama p\u00ebr protestat kund\u00ebr traut t\u00eb Kastratit n\u00eb Rrug\u00ebn e Kombit dhe b\u00ebri \u00e7do gj\u00eb p\u00ebr shuarjen e tyre, mund t\u00eb pres\u00ebsh gjith\u00e7ka. <\/p>\n<p>Kujt i paskam vendosur gjob\u00eb un\u00eb, oligarkut t\u00eb farmaceutik\u00ebs pas emrit t\u00eb t\u00eb cilit Flamur Noka fsheh vil\u00ebn e padeklaruar 760 mij\u00eb euroshe n\u00eb Gjirin e Lazit? Meq\u00eb edhe at\u00eb e takon \u00e7do fundjav\u00eb, le ta pyes\u00eb a i kam vendosur gjob\u00eb ndonj\u00ebher\u00eb. Dhe kur ta pyes\u00eb, Flamur Noka b\u00ebn mir\u00eb t\u00eb kujtohet sa her\u00eb ka nd\u00ebrhyr\u00eb p\u00ebr t\u00eb q\u00eb Partia Demokratike t\u00eb mos e p\u00ebrfshinte n\u00eb denoncimet p\u00ebr abuzimet me tenderat n\u00eb sh\u00ebndet\u00ebsi.<\/p>\n<p>Kujt i paskam vendosur gjob\u00eb un\u00eb, mikut t\u00ebnd trafikant droge, q\u00eb sa ishe ti minist\u00ebr i brendsh\u00ebm mbyti Britanin\u00eb me drog\u00eb dhe, m\u00eb pas, vendosi t\u00eb pastroj\u00eb parat\u00eb e drog\u00ebs me pasuri t\u00eb paluajshme? Meq\u00eb rri shpesh p\u00ebr dreka e darka, Flamur Noka mund ta pyes\u00eb vet\u00eb edhe at\u00eb. Dhe meq\u00eb jemi n\u00eb k\u00ebt\u00eb pik\u00eb, \u00ebsht\u00eb nj\u00eb rast p\u00ebr t\u00eb sjell\u00eb nd\u00ebrmend se me k\u00ebt\u00eb mikun trafikant droge mori n\u00eb qaf\u00eb edhe Sali Berish\u00ebn, duke i veshur damk\u00ebn p\u00ebr lidhje me p\u00ebrfaq\u00ebsues t\u00eb krimit t\u00eb organizuar.<\/p>\n<p>N\u00eb gjith\u00eb karrier\u00ebn politike nuk ka ndodhur kurr\u00eb t\u00eb kem qoft\u00eb edhe nj\u00eb kontakt t\u00eb rast\u00ebsish\u00ebm me ndonj\u00eb oligark apo p\u00ebrfaq\u00ebsues t\u00eb bot\u00ebs s\u00eb krimit. Kam hyr\u00eb n\u00eb politik\u00eb me besimin tek njer\u00ebzit e zakonsh\u00ebm dhe tek ata do t\u00eb mb\u00ebshtetem deri n\u00eb dit\u00ebn time t\u00eb fundit n\u00eb politik\u00eb. Prandaj, sot jam njeri i lir\u00eb dhe nuk jam peng i askujt, aq m\u00eb pak i oligark\u00ebve dhe kriminel\u00ebve. <\/p>\n<p>Investimi im kryesor \u00ebsht\u00eb tek dija. <\/p>\n<p>Nuk kam as vila t\u00eb fshehura, as para t\u00eb investuara n\u00eb bizneset e oligark\u00ebve, as licenca p\u00ebr nd\u00ebrtim hidrocentralesh dhe, mbi t\u00eb gjitha, nuk jam peng i asnj\u00eb financuesi apo krimineli, q\u00eb dit\u00ebn punon me Qeverin\u00eb, nd\u00ebrsa nat\u00ebn financon flamurin e opozitarizmit t\u00eb rrem\u00eb.<\/p>\n<p>P\u00ebr Flamur Nok\u00ebn kam nj\u00eb premtim: sa m\u00eb shum\u00eb t\u00eb shpif\u00eb, aq m\u00eb shum\u00eb t\u00eb verteta do jem i detyruar t\u00eb them!<\/p>\n","protected":false},"excerpt":{"rendered":"<p>Nj\u00eb p\u00ebrplasje tjet\u00ebr konturohet brenda PD-s\u00eb. K\u00ebt\u00eb her\u00eb replikat jan\u00eb midis Gazment Bardhit dhe Flamur Nok\u00ebs dhe jan\u00eb t\u00eb ashpra. Bardhi reagon n\u00eb rrjetet sociale dhe po e japim postimin e tij t\u00eb plot\u00eb: Nj\u00eb p\u00ebrgjigje e detyruar p\u00ebr Flamurin e keqp\u00ebrdorur t\u00eb opozit\u00ebs s\u00eb rreme Shum\u00eb miq m\u00eb thon\u00eb t\u00eb mos e marr seriozisht [&hellip;]<\/p>\n","protected":false},"author":2,"featured_media":22408,"comment_status":"open","ping_status":"open","sticky":false,"template":"","format":"standard","meta":{"footnotes":""},"categories":[9],"tags":[27],"class_list":{"0":"post-22407","1":"post","2":"type-post","3":"status-publish","4":"format-standard","5":"has-post-thumbnail","7":"category-politika","8":"tag-lajme"},"_links":{"self":[{"href":"https:\/\/neutrale.al\/index.php\/wp-json\/wp\/v2\/posts\/22407","targetHints":{"allow":["GET"]}}],"collection":[{"href":"https:\/\/neutrale.al\/index.php\/wp-json\/wp\/v2\/posts"}],"about":[{"href":"https:\/\/neutrale.al\/index.php\/wp-json\/wp\/v2\/types\/post"}],"author":[{"embeddable":true,"href":"https:\/\/neutrale.al\/index.php\/wp-json\/wp\/v2\/users\/2"}],"replies":[{"embeddable":true,"href":"https:\/\/neutrale.al\/index.php\/wp-json\/wp\/v2\/comments?post=22407"}],"version-history":[{"count":1,"href":"https:\/\/neutrale.al\/index.php\/wp-json\/wp\/v2\/posts\/22407\/revisions"}],"predecessor-version":[{"id":22409,"href":"https:\/\/neutrale.al\/index.php\/wp-json\/wp\/v2\/posts\/22407\/revisions\/22409"}],"wp:featuredmedia":[{"embeddable":true,"href":"https:\/\/neutrale.al\/index.php\/wp-json\/wp\/v2\/media\/22408"}],"wp:attachment":[{"href":"https:\/\/neutrale.al\/index.php\/wp-json\/wp\/v2\/media?parent=22407"}],"wp:term":[{"taxonomy":"category","embeddable":true,"href":"https:\/\/neutrale.al\/index.php\/wp-json\/wp\/v2\/categories?post=22407"},{"taxonomy":"post_tag","embeddable":true,"href":"https:\/\/neutrale.al\/index.php\/wp-json\/wp\/v2\/tags?post=22407"}],"curies":[{"name":"wp","href":"https:\/\/api.w.org\/{rel}","templated":true}]}}