{"id":22274,"date":"2022-10-04T10:31:19","date_gmt":"2022-10-04T10:31:19","guid":{"rendered":"https:\/\/neutrale.al\/?p=22274"},"modified":"2022-10-04T10:31:19","modified_gmt":"2022-10-04T10:31:19","slug":"transporti-publik-ne-tirane-bogdani-nje-nga-problemet-kryesore-te-qytetit","status":"publish","type":"post","link":"https:\/\/neutrale.al\/index.php\/2022\/10\/04\/transporti-publik-ne-tirane-bogdani-nje-nga-problemet-kryesore-te-qytetit\/","title":{"rendered":"Transporti publik n\u00eb Tiran\u00eb\/ Bogdani: Nj\u00eb nga problemet kryesore t\u00eb qytetit&#8230;"},"content":{"rendered":"<p>Me nj\u00eb status n\u00eb rrjetet sociale, ish deputeti Gerti Bogdani, evidenton problematikat e transportit publik n\u00eb qytet.<\/p>\n<p>N\u00eb \u00e7do hallk\u00eb t\u00eb p\u00ebrditshm\u00ebris\u00eb s\u00eb tyre, ve\u00e7 ju v\u00ebshtir\u00ebsohet jeta qytetar\u00ebve, shkruan Bogdani.<\/p>\n<p>Ja postimi i tij:<\/p>\n<p>Transporti publik ne Tirane eshte nje nga problemet kryesore qe ka qyteti. Jo vetem qe nuk garanton standartet minimale per pasagjeret, por ndikon drejt per drejte ne ndotjen e qytetit dhe ne krijim e trafikut! <\/p>\n<p>Rritja e \u00e7mimit te biletes, si\u00e7 beri Bashkia Tirane nuk eshte zgjidhja. Ky problem kerkon nje zgjidhje te thelle, qe autobuzet, jo vetem te mos ngarkojne trafikun, por perkundrazi ta lehtesojne ate; jo vetem te mos shkaktojne ndotje, por te garantojne kushte edhe standarte per banoret! <\/p>\n<p>Rritet \u00e7mimi i karburantit, rritet \u00e7mimi i biletes se autobuzit, ajri tejet ndotur dhe mungesa e kushteve ne trafik e bejne te pamundur levizjen me mjete te tjera&#8230; pse duhet t&#8217;u veshtiresohet ne \u00e7do menyre jeta qytetareve??<\/p>\n<p><img loading=\"lazy\" loading=\"lazy\" decoding=\"async\" src=\"https:\/\/neutrale.al\/wp-content\/uploads\/2022\/10\/8AC8F8AB-78B4-42B5-A2C9-DA92298FBE00-300x294.jpeg\" alt=\"\" width=\"300\" height=\"294\" class=\"alignnone size-medium wp-image-22275\" srcset=\"https:\/\/neutrale.al\/wp-content\/uploads\/2022\/10\/8AC8F8AB-78B4-42B5-A2C9-DA92298FBE00-300x294.jpeg 300w, https:\/\/neutrale.al\/wp-content\/uploads\/2022\/10\/8AC8F8AB-78B4-42B5-A2C9-DA92298FBE00-1024x1003.jpeg 1024w, https:\/\/neutrale.al\/wp-content\/uploads\/2022\/10\/8AC8F8AB-78B4-42B5-A2C9-DA92298FBE00-768x752.jpeg 768w, https:\/\/neutrale.al\/wp-content\/uploads\/2022\/10\/8AC8F8AB-78B4-42B5-A2C9-DA92298FBE00-860x842.jpeg 860w, https:\/\/neutrale.al\/wp-content\/uploads\/2022\/10\/8AC8F8AB-78B4-42B5-A2C9-DA92298FBE00.jpeg 1080w\" sizes=\"auto, (max-width: 300px) 100vw, 300px\" \/><\/p>\n","protected":false},"excerpt":{"rendered":"<p>Me nj\u00eb status n\u00eb rrjetet sociale, ish deputeti Gerti Bogdani, evidenton problematikat e transportit publik n\u00eb qytet. N\u00eb \u00e7do hallk\u00eb t\u00eb p\u00ebrditshm\u00ebris\u00eb s\u00eb tyre, ve\u00e7 ju v\u00ebshtir\u00ebsohet jeta qytetar\u00ebve, shkruan Bogdani. Ja postimi i tij: Transporti publik ne Tirane eshte nje nga problemet kryesore qe ka qyteti. Jo vetem qe nuk garanton standartet minimale per [&hellip;]<\/p>\n","protected":false},"author":2,"featured_media":22276,"comment_status":"open","ping_status":"open","sticky":false,"template":"","format":"standard","meta":{"footnotes":""},"categories":[9],"tags":[27],"class_list":{"0":"post-22274","1":"post","2":"type-post","3":"status-publish","4":"format-standard","5":"has-post-thumbnail","7":"category-politika","8":"tag-lajme"},"_links":{"self":[{"href":"https:\/\/neutrale.al\/index.php\/wp-json\/wp\/v2\/posts\/22274","targetHints":{"allow":["GET"]}}],"collection":[{"href":"https:\/\/neutrale.al\/index.php\/wp-json\/wp\/v2\/posts"}],"about":[{"href":"https:\/\/neutrale.al\/index.php\/wp-json\/wp\/v2\/types\/post"}],"author":[{"embeddable":true,"href":"https:\/\/neutrale.al\/index.php\/wp-json\/wp\/v2\/users\/2"}],"replies":[{"embeddable":true,"href":"https:\/\/neutrale.al\/index.php\/wp-json\/wp\/v2\/comments?post=22274"}],"version-history":[{"count":1,"href":"https:\/\/neutrale.al\/index.php\/wp-json\/wp\/v2\/posts\/22274\/revisions"}],"predecessor-version":[{"id":22277,"href":"https:\/\/neutrale.al\/index.php\/wp-json\/wp\/v2\/posts\/22274\/revisions\/22277"}],"wp:featuredmedia":[{"embeddable":true,"href":"https:\/\/neutrale.al\/index.php\/wp-json\/wp\/v2\/media\/22276"}],"wp:attachment":[{"href":"https:\/\/neutrale.al\/index.php\/wp-json\/wp\/v2\/media?parent=22274"}],"wp:term":[{"taxonomy":"category","embeddable":true,"href":"https:\/\/neutrale.al\/index.php\/wp-json\/wp\/v2\/categories?post=22274"},{"taxonomy":"post_tag","embeddable":true,"href":"https:\/\/neutrale.al\/index.php\/wp-json\/wp\/v2\/tags?post=22274"}],"curies":[{"name":"wp","href":"https:\/\/api.w.org\/{rel}","templated":true}]}}