{"id":22263,"date":"2022-10-04T10:21:46","date_gmt":"2022-10-04T10:21:46","guid":{"rendered":"https:\/\/neutrale.al\/?p=22263"},"modified":"2022-10-04T10:21:46","modified_gmt":"2022-10-04T10:21:46","slug":"shkodres-i-shtohet-nje-tjeter-qender-multifunksionale-kryebashkiaku-spahia-nje-realitet-i-ri-per-te-gjitha-moshat","status":"publish","type":"post","link":"https:\/\/neutrale.al\/index.php\/2022\/10\/04\/shkodres-i-shtohet-nje-tjeter-qender-multifunksionale-kryebashkiaku-spahia-nje-realitet-i-ri-per-te-gjitha-moshat\/","title":{"rendered":"Shkodr\u00ebs i shtohet nj\u00eb tjet\u00ebr qend\u00ebr multifunksionale\/ Kryebashkiaku Spahia: Nj\u00eb realitet i ri p\u00ebr t\u00eb gjitha moshat&#8230;"},"content":{"rendered":"<p>K\u00ebshtu shkruan n\u00eb rrjetet sociale kreu i bashkis\u00eb Shkod\u00ebr, Bardh Spahia, teksa fal\u00ebnderon bashk\u00ebfinancuesit @EU4Municipalities (\u201dBE p\u00ebr bashkit\u00eb\u201d).<\/p>\n<p>Ja postimi:<\/p>\n<p>Nj\u00eb tjet\u00ebr qend\u00ebr multifunksionale do t\u2019i shtohet qytetit t\u00eb Shkodr\u00ebs. \u201cXix\u00ebllonjat\u201d n\u00eb lagjen Kiras do t\u00eb jet\u00eb nj\u00eb realitet i ri q\u00eb i sh\u00ebrben t\u00eb gjitha moshave, nga m\u00eb t\u00eb vegjlit tek t\u00eb moshuarit, duke krijuar leht\u00ebsi n\u00eb marrjen e sh\u00ebrbimeve, por edhe si destinacion edukimi e arg\u00ebtimi. <\/p>\n<p>Objektet q\u00eb deri dje ishin jasht\u00eb sh\u00ebrbimit, apo t\u00eb d\u00ebmtuara nga koha, i kemi kthyer n\u00eb funksion t\u00eb sh\u00ebrbimit ndaj komunitetit, por me nj\u00eb qasje krejt tjet\u00ebr, ku brenda nj\u00eb hap\u00ebsire jan\u00eb t\u00eb inkuadruara disa sh\u00ebrbime. K\u00ebshtu leht\u00ebsojm\u00eb aksesin p\u00ebr qytetar\u00ebt por edhe rrisim mundesit\u00eb ve\u00e7an\u00ebrisht p\u00ebr f\u00ebmij\u00ebt dhe rinin\u00eb q\u00eb k\u00ebto zona t\u00eb ken\u00eb hap\u00ebsira gjithp\u00ebrfshir\u00ebse. <\/p>\n<p>N\u00eb k\u00ebt\u00eb aktivitet lan\u00e7uam projektin \u201cNxitja e p\u00ebrfshirjes sociale dhe zhvillimit t\u00eb komunitetit\u201d, ku Bashkia Shkod\u00ebr \u00ebsht\u00eb p\u00ebrzgjedhur fituese n\u00eb kuad\u00ebr t\u00eb thirrjes @EU4Municipalities.<\/p>\n<p>Blloku i fundit i financimit, i cili b\u00ebn t\u00eb mundur v\u00ebnien n\u00eb funksion me t\u00eb gjitha elementet e saj qendr\u00ebn ton\u00eb, me fokus kopshtin dhe \u00e7erdhen e par\u00eb n\u00eb zon\u00eb me drek\u00eb!<\/p>\n<p>Falenderoj miqt\u00eb q\u00eb na kan\u00eb mb\u00ebshtetur idet\u00eb dhe bashkefinancuan projektin, @EU4Municipalities (\u201dBE p\u00ebr bashkit\u00eb\u201d).<\/p>\n<p><img loading=\"lazy\" loading=\"lazy\" decoding=\"async\" src=\"https:\/\/neutrale.al\/wp-content\/uploads\/2022\/10\/A7034372-CCC8-4ABB-A7C6-0BD83AA93C13-300x200.jpeg\" alt=\"\" width=\"300\" height=\"200\" class=\"alignnone size-medium wp-image-22264\" srcset=\"https:\/\/neutrale.al\/wp-content\/uploads\/2022\/10\/A7034372-CCC8-4ABB-A7C6-0BD83AA93C13-300x200.jpeg 300w, https:\/\/neutrale.al\/wp-content\/uploads\/2022\/10\/A7034372-CCC8-4ABB-A7C6-0BD83AA93C13-1024x682.jpeg 1024w, https:\/\/neutrale.al\/wp-content\/uploads\/2022\/10\/A7034372-CCC8-4ABB-A7C6-0BD83AA93C13-768x512.jpeg 768w, https:\/\/neutrale.al\/wp-content\/uploads\/2022\/10\/A7034372-CCC8-4ABB-A7C6-0BD83AA93C13-330x220.jpeg 330w, https:\/\/neutrale.al\/wp-content\/uploads\/2022\/10\/A7034372-CCC8-4ABB-A7C6-0BD83AA93C13-420x280.jpeg 420w, https:\/\/neutrale.al\/wp-content\/uploads\/2022\/10\/A7034372-CCC8-4ABB-A7C6-0BD83AA93C13-615x410.jpeg 615w, https:\/\/neutrale.al\/wp-content\/uploads\/2022\/10\/A7034372-CCC8-4ABB-A7C6-0BD83AA93C13-860x573.jpeg 860w, https:\/\/neutrale.al\/wp-content\/uploads\/2022\/10\/A7034372-CCC8-4ABB-A7C6-0BD83AA93C13.jpeg 1081w\" sizes=\"auto, (max-width: 300px) 100vw, 300px\" \/><\/p>\n<p><img loading=\"lazy\" loading=\"lazy\" decoding=\"async\" src=\"https:\/\/neutrale.al\/wp-content\/uploads\/2022\/10\/6A8797EE-074F-4131-977E-FF1D6D88E1A1-300x200.jpeg\" alt=\"\" width=\"300\" height=\"200\" class=\"alignnone size-medium wp-image-22265\" srcset=\"https:\/\/neutrale.al\/wp-content\/uploads\/2022\/10\/6A8797EE-074F-4131-977E-FF1D6D88E1A1-300x200.jpeg 300w, https:\/\/neutrale.al\/wp-content\/uploads\/2022\/10\/6A8797EE-074F-4131-977E-FF1D6D88E1A1-1024x682.jpeg 1024w, https:\/\/neutrale.al\/wp-content\/uploads\/2022\/10\/6A8797EE-074F-4131-977E-FF1D6D88E1A1-768x512.jpeg 768w, https:\/\/neutrale.al\/wp-content\/uploads\/2022\/10\/6A8797EE-074F-4131-977E-FF1D6D88E1A1-330x220.jpeg 330w, https:\/\/neutrale.al\/wp-content\/uploads\/2022\/10\/6A8797EE-074F-4131-977E-FF1D6D88E1A1-420x280.jpeg 420w, https:\/\/neutrale.al\/wp-content\/uploads\/2022\/10\/6A8797EE-074F-4131-977E-FF1D6D88E1A1-615x410.jpeg 615w, https:\/\/neutrale.al\/wp-content\/uploads\/2022\/10\/6A8797EE-074F-4131-977E-FF1D6D88E1A1-860x573.jpeg 860w, https:\/\/neutrale.al\/wp-content\/uploads\/2022\/10\/6A8797EE-074F-4131-977E-FF1D6D88E1A1.jpeg 1081w\" sizes=\"auto, (max-width: 300px) 100vw, 300px\" \/><\/p>\n","protected":false},"excerpt":{"rendered":"<p>K\u00ebshtu shkruan n\u00eb rrjetet sociale kreu i bashkis\u00eb Shkod\u00ebr, Bardh Spahia, teksa fal\u00ebnderon bashk\u00ebfinancuesit @EU4Municipalities (\u201dBE p\u00ebr bashkit\u00eb\u201d). Ja postimi: Nj\u00eb tjet\u00ebr qend\u00ebr multifunksionale do t\u2019i shtohet qytetit t\u00eb Shkodr\u00ebs. \u201cXix\u00ebllonjat\u201d n\u00eb lagjen Kiras do t\u00eb jet\u00eb nj\u00eb realitet i ri q\u00eb i sh\u00ebrben t\u00eb gjitha moshave, nga m\u00eb t\u00eb vegjlit tek t\u00eb moshuarit, duke [&hellip;]<\/p>\n","protected":false},"author":2,"featured_media":22266,"comment_status":"open","ping_status":"open","sticky":false,"template":"","format":"standard","meta":{"footnotes":""},"categories":[9],"tags":[27],"class_list":{"0":"post-22263","1":"post","2":"type-post","3":"status-publish","4":"format-standard","5":"has-post-thumbnail","7":"category-politika","8":"tag-lajme"},"_links":{"self":[{"href":"https:\/\/neutrale.al\/index.php\/wp-json\/wp\/v2\/posts\/22263","targetHints":{"allow":["GET"]}}],"collection":[{"href":"https:\/\/neutrale.al\/index.php\/wp-json\/wp\/v2\/posts"}],"about":[{"href":"https:\/\/neutrale.al\/index.php\/wp-json\/wp\/v2\/types\/post"}],"author":[{"embeddable":true,"href":"https:\/\/neutrale.al\/index.php\/wp-json\/wp\/v2\/users\/2"}],"replies":[{"embeddable":true,"href":"https:\/\/neutrale.al\/index.php\/wp-json\/wp\/v2\/comments?post=22263"}],"version-history":[{"count":1,"href":"https:\/\/neutrale.al\/index.php\/wp-json\/wp\/v2\/posts\/22263\/revisions"}],"predecessor-version":[{"id":22267,"href":"https:\/\/neutrale.al\/index.php\/wp-json\/wp\/v2\/posts\/22263\/revisions\/22267"}],"wp:featuredmedia":[{"embeddable":true,"href":"https:\/\/neutrale.al\/index.php\/wp-json\/wp\/v2\/media\/22266"}],"wp:attachment":[{"href":"https:\/\/neutrale.al\/index.php\/wp-json\/wp\/v2\/media?parent=22263"}],"wp:term":[{"taxonomy":"category","embeddable":true,"href":"https:\/\/neutrale.al\/index.php\/wp-json\/wp\/v2\/categories?post=22263"},{"taxonomy":"post_tag","embeddable":true,"href":"https:\/\/neutrale.al\/index.php\/wp-json\/wp\/v2\/tags?post=22263"}],"curies":[{"name":"wp","href":"https:\/\/api.w.org\/{rel}","templated":true}]}}