{"id":22251,"date":"2022-10-04T09:41:46","date_gmt":"2022-10-04T09:41:46","guid":{"rendered":"https:\/\/neutrale.al\/?p=22251"},"modified":"2022-10-04T09:41:46","modified_gmt":"2022-10-04T09:41:46","slug":"zgjedhjet-vendore-presidenti-begaj-takim-me-kryetaret-e-grupeve-parlamentare","status":"publish","type":"post","link":"https:\/\/neutrale.al\/index.php\/2022\/10\/04\/zgjedhjet-vendore-presidenti-begaj-takim-me-kryetaret-e-grupeve-parlamentare\/","title":{"rendered":"Zgjedhjet vendore\/Presidenti Begaj takim me kryetar\u00ebt e grupeve parlamentare."},"content":{"rendered":"<p>Dit\u00ebn e sotme presidenti i vendit, Bajram Begaj ka njoftuar se do t\u00eb zhvilloj\u00eb takim me kryetar\u00ebt e grupeve parlamentare.<br \/>\nM\u00ebsohet se objekt i k\u00ebtij takimi do t\u00eb jet\u00eb caktimi i dat\u00ebs s\u00eb zgjedhjeve vendore.<\/p>\n<p>Po dit\u00ebn e sotme, Presidenti i Republik\u00ebs \u00ebsht\u00eb takuar  edhe me deputetin e Partis\u00eb Demokratike, Oerd Bylykbashin.<\/p>\n<p>Parlamenti shqiptar ka t\u00eb zyrtarizuar 4 grupe parlamentare, ai i PS q\u00eb drejtohet nga Taulant Balla, i PD-s\u00eb nga Enkelejd Alibeaj; \u201cAleanca p\u00ebr Ndryshim\u201d nga Fatmir Mediu dhe grupi \u201cDemokraci dhe Integrim\u201d q\u00eb drejtohet nga Mesila Doda.<\/p>\n","protected":false},"excerpt":{"rendered":"<p>Dit\u00ebn e sotme presidenti i vendit, Bajram Begaj ka njoftuar se do t\u00eb zhvilloj\u00eb takim me kryetar\u00ebt e grupeve parlamentare. M\u00ebsohet se objekt i k\u00ebtij takimi do t\u00eb jet\u00eb caktimi i dat\u00ebs s\u00eb zgjedhjeve vendore. Po dit\u00ebn e sotme, Presidenti i Republik\u00ebs \u00ebsht\u00eb takuar edhe me deputetin e Partis\u00eb Demokratike, Oerd Bylykbashin. Parlamenti shqiptar ka [&hellip;]<\/p>\n","protected":false},"author":2,"featured_media":22252,"comment_status":"open","ping_status":"open","sticky":false,"template":"","format":"standard","meta":{"footnotes":""},"categories":[118,9],"tags":[],"class_list":{"0":"post-22251","1":"post","2":"type-post","3":"status-publish","4":"format-standard","5":"has-post-thumbnail","7":"category-kryesore","8":"category-politika"},"_links":{"self":[{"href":"https:\/\/neutrale.al\/index.php\/wp-json\/wp\/v2\/posts\/22251","targetHints":{"allow":["GET"]}}],"collection":[{"href":"https:\/\/neutrale.al\/index.php\/wp-json\/wp\/v2\/posts"}],"about":[{"href":"https:\/\/neutrale.al\/index.php\/wp-json\/wp\/v2\/types\/post"}],"author":[{"embeddable":true,"href":"https:\/\/neutrale.al\/index.php\/wp-json\/wp\/v2\/users\/2"}],"replies":[{"embeddable":true,"href":"https:\/\/neutrale.al\/index.php\/wp-json\/wp\/v2\/comments?post=22251"}],"version-history":[{"count":1,"href":"https:\/\/neutrale.al\/index.php\/wp-json\/wp\/v2\/posts\/22251\/revisions"}],"predecessor-version":[{"id":22253,"href":"https:\/\/neutrale.al\/index.php\/wp-json\/wp\/v2\/posts\/22251\/revisions\/22253"}],"wp:featuredmedia":[{"embeddable":true,"href":"https:\/\/neutrale.al\/index.php\/wp-json\/wp\/v2\/media\/22252"}],"wp:attachment":[{"href":"https:\/\/neutrale.al\/index.php\/wp-json\/wp\/v2\/media?parent=22251"}],"wp:term":[{"taxonomy":"category","embeddable":true,"href":"https:\/\/neutrale.al\/index.php\/wp-json\/wp\/v2\/categories?post=22251"},{"taxonomy":"post_tag","embeddable":true,"href":"https:\/\/neutrale.al\/index.php\/wp-json\/wp\/v2\/tags?post=22251"}],"curies":[{"name":"wp","href":"https:\/\/api.w.org\/{rel}","templated":true}]}}