{"id":22247,"date":"2022-10-04T09:35:24","date_gmt":"2022-10-04T09:35:24","guid":{"rendered":"https:\/\/neutrale.al\/?p=22247"},"modified":"2022-10-04T09:35:24","modified_gmt":"2022-10-04T09:35:24","slug":"kampionati-boteror-i-skive-15-vjecarja-lara-colturi-nen-flamurin-kuq-e-zi","status":"publish","type":"post","link":"https:\/\/neutrale.al\/index.php\/2022\/10\/04\/kampionati-boteror-i-skive-15-vjecarja-lara-colturi-nen-flamurin-kuq-e-zi\/","title":{"rendered":"Kampionati Bot\u00ebror i Skive\/ 15- vje\u00e7arja Lara Colturi n\u00ebn flamurin kuq e zi."},"content":{"rendered":"<p>Italiania me n\u00ebnshtet\u00ebsi shqiptare Lara Colturi do t\u00eb jet\u00eb atletja m\u00eb e re n\u00eb Kampionatin Bot\u00ebror t\u00eb Skive.<\/p>\n<p>Vajza e talentuar do t\u00eb p\u00ebrfaq\u00ebsoj\u00eb flamurin ton\u00eb komb\u00ebtar.<\/p>\n<p>Skiatorja jon\u00eb do t\u00eb debutoj\u00eb n\u00eb Kampionatin Bot\u00ebror, q\u00eb do t\u00eb b\u00ebj\u00eb hapjen madh\u00ebshtore n\u00eb S\u00f6lden, m\u00eb 22 tetor.<\/p>\n<p><img loading=\"lazy\" loading=\"lazy\" decoding=\"async\" src=\"https:\/\/neutrale.al\/wp-content\/uploads\/2022\/10\/B26F10A3-09E2-46E3-832E-D55B1B664D0C-300x300.jpeg\" alt=\"\" width=\"300\" height=\"300\" class=\"alignnone size-medium wp-image-22248\" srcset=\"https:\/\/neutrale.al\/wp-content\/uploads\/2022\/10\/B26F10A3-09E2-46E3-832E-D55B1B664D0C-300x300.jpeg 300w, https:\/\/neutrale.al\/wp-content\/uploads\/2022\/10\/B26F10A3-09E2-46E3-832E-D55B1B664D0C.jpeg 1024w, https:\/\/neutrale.al\/wp-content\/uploads\/2022\/10\/B26F10A3-09E2-46E3-832E-D55B1B664D0C-150x150.jpeg 150w, https:\/\/neutrale.al\/wp-content\/uploads\/2022\/10\/B26F10A3-09E2-46E3-832E-D55B1B664D0C-768x768.jpeg 768w, https:\/\/neutrale.al\/wp-content\/uploads\/2022\/10\/B26F10A3-09E2-46E3-832E-D55B1B664D0C-860x860.jpeg 860w\" sizes=\"auto, (max-width: 300px) 100vw, 300px\" \/><\/p>\n","protected":false},"excerpt":{"rendered":"<p>Italiania me n\u00ebnshtet\u00ebsi shqiptare Lara Colturi do t\u00eb jet\u00eb atletja m\u00eb e re n\u00eb Kampionatin Bot\u00ebror t\u00eb Skive. Vajza e talentuar do t\u00eb p\u00ebrfaq\u00ebsoj\u00eb flamurin ton\u00eb komb\u00ebtar. Skiatorja jon\u00eb do t\u00eb debutoj\u00eb n\u00eb Kampionatin Bot\u00ebror, q\u00eb do t\u00eb b\u00ebj\u00eb hapjen madh\u00ebshtore n\u00eb S\u00f6lden, m\u00eb 22 tetor.<\/p>\n","protected":false},"author":2,"featured_media":22249,"comment_status":"open","ping_status":"open","sticky":false,"template":"","format":"standard","meta":{"footnotes":""},"categories":[104],"tags":[],"class_list":{"0":"post-22247","1":"post","2":"type-post","3":"status-publish","4":"format-standard","5":"has-post-thumbnail","7":"category-sport"},"_links":{"self":[{"href":"https:\/\/neutrale.al\/index.php\/wp-json\/wp\/v2\/posts\/22247","targetHints":{"allow":["GET"]}}],"collection":[{"href":"https:\/\/neutrale.al\/index.php\/wp-json\/wp\/v2\/posts"}],"about":[{"href":"https:\/\/neutrale.al\/index.php\/wp-json\/wp\/v2\/types\/post"}],"author":[{"embeddable":true,"href":"https:\/\/neutrale.al\/index.php\/wp-json\/wp\/v2\/users\/2"}],"replies":[{"embeddable":true,"href":"https:\/\/neutrale.al\/index.php\/wp-json\/wp\/v2\/comments?post=22247"}],"version-history":[{"count":1,"href":"https:\/\/neutrale.al\/index.php\/wp-json\/wp\/v2\/posts\/22247\/revisions"}],"predecessor-version":[{"id":22250,"href":"https:\/\/neutrale.al\/index.php\/wp-json\/wp\/v2\/posts\/22247\/revisions\/22250"}],"wp:featuredmedia":[{"embeddable":true,"href":"https:\/\/neutrale.al\/index.php\/wp-json\/wp\/v2\/media\/22249"}],"wp:attachment":[{"href":"https:\/\/neutrale.al\/index.php\/wp-json\/wp\/v2\/media?parent=22247"}],"wp:term":[{"taxonomy":"category","embeddable":true,"href":"https:\/\/neutrale.al\/index.php\/wp-json\/wp\/v2\/categories?post=22247"},{"taxonomy":"post_tag","embeddable":true,"href":"https:\/\/neutrale.al\/index.php\/wp-json\/wp\/v2\/tags?post=22247"}],"curies":[{"name":"wp","href":"https:\/\/api.w.org\/{rel}","templated":true}]}}