{"id":22230,"date":"2022-10-04T08:28:53","date_gmt":"2022-10-04T08:28:53","guid":{"rendered":"https:\/\/neutrale.al\/?p=22230"},"modified":"2022-10-04T08:28:53","modified_gmt":"2022-10-04T08:28:53","slug":"strasbourgu-rikthen-ne-detyre-prokurorin-besnik-cani-ish-ministri-halimi-nje-lajm-i-mire-per-drejtesine","status":"publish","type":"post","link":"https:\/\/neutrale.al\/index.php\/2022\/10\/04\/strasbourgu-rikthen-ne-detyre-prokurorin-besnik-cani-ish-ministri-halimi-nje-lajm-i-mire-per-drejtesine\/","title":{"rendered":"Strasbourgu rikthen n\u00eb detyr\u00eb prokurorin Besnik Cani\/ ISH ministri Halimi\/ Nj\u00eb lajm i mir\u00eb p\u00ebr drejt\u00ebsin\u00eb."},"content":{"rendered":"<p>K\u00ebshtu shkruan n\u00eb rrjetet sociale ish ministri i drejt\u00ebsis\u00eb Eduart Halimi.<\/p>\n<p>Ja postimi i plot\u00eb:<\/p>\n<p>\ud83d\udccd\ud83d\udccdStrasbourgu i jep t\u00eb drejt\u00eb prokurorit Besnik Cani! Nj\u00eb vendim drejt\u00ebsie! Nj\u00eb lajm i mir\u00eb p\u00ebr reform\u00ebn n\u00eb drejt\u00ebsi, gjyqtar\u00ebt e prokuror\u00ebt e ndersh\u00ebm e t\u00eb p\u00ebrkushtuar! <\/p>\n<p>\ud83d\udccdP\u00ebr Besnikun, prokuror prej 25 vjet\u00ebsh dhe bashk\u00ebshorten e tij, mjeken Liri, q\u00eb jetojn\u00eb n\u00eb nj\u00eb apartament modest n\u00eb Laprak\u00eb, dy djemt\u00eb e tij student\u00eb, ky \u00ebsht\u00eb padyshim nj\u00eb i vendim i jasht\u00ebzakonsh\u00ebm q\u00eb rivendos dinjitetin dhe integritetin e humbur padrejt\u00ebsisht pas nj\u00eb pune e p\u00ebrkushtimi t\u00eb gjat\u00eb! <\/p>\n<p>\ud83d\udccdP\u00ebr ne, mua dhe skuadr\u00ebn time t\u00eb avokat\u00ebve t\u00eb talentuar, \u00ebsht\u00eb nj\u00eb fitore e r\u00ebnd\u00ebsishme, q\u00eb nga p\u00ebrzgjedhja e \u00e7\u00ebshtjes si udh\u00ebheq\u00ebse, (duke l\u00ebn\u00eb pas 100% t\u00eb k\u00ebrkesave t\u00eb b\u00ebra nga qindra gjyqtar\u00eb, prokuror\u00eb, avokat\u00eb, e studio nd\u00ebrkomb\u00ebtare ligjore t\u00eb famshme n\u00eb Europ\u00eb) e deri n\u00eb betej\u00ebn n\u00eb gjykim dhe sigurisht n\u00eb fitoren p\u00ebrfundimtare t\u00eb sotmen! \ud83d\udcaa\ud83c\udffb\ud83d\udcaa\ud83c\udffb<\/p>\n<p>\ud83d\udccdP\u00ebr reform\u00ebn n\u00eb drejt\u00ebsi, gjyqtar\u00ebt e prokuror\u00ebt e ndersh\u00ebm, ky \u00ebsht\u00eb nj\u00eb lajm i shk\u00eblqyer! Nuk ka dyshim se reforma n\u00eb drejt\u00ebsi u nis me nj\u00eb q\u00ebllim t\u00eb mir\u00eb q\u00eb b\u00ebri 140 deputet\u00ebt (dhe mua) ta miratonin n\u00eb 2016, por planifikimi dhe zbatimi i saj u b\u00ebn\u00eb jo mir\u00eb e madje keq n\u00eb shum\u00eb raste! <\/p>\n<p>\ud83d\udccdVendimi i sot\u00ebm jep shembullin e mir\u00eb se n\u00ebse zbatimi i ligjeve krijon probleme, ato mund t\u00eb korigjohen, se n\u00ebse gabimisht gjyqtar\u00eb e prokuror\u00eb t\u00eb ndersh\u00ebm jan\u00eb larguar, ky gabim mund te korigjohet! Dhe ky \u00ebsht\u00eb padyshim nj\u00eb lajm i mir\u00eb p\u00ebr drejt\u00ebsin\u00eb, p\u00ebr gjyqtar\u00ebt e prokuror\u00ebt e ndersh\u00ebm n\u00eb k\u00ebt\u00eb vend, dhe nj\u00eb motivim n\u00eb luft\u00ebn kund\u00ebr korrupsionit dhe pastrimit t\u00eb sistemit t\u00eb drejt\u00ebsis\u00eb! <\/p>\n<p>\ud83d\udccdUrime Besnik p\u00ebr rikthimin e dinjitetit dhe suksese n\u00eb pun\u00ebn n\u00eb vijim! <\/p>\n<p>\ud83d\udccdSuksese dhe faleminderit skuadr\u00ebs sime t\u00eb shk\u00eblqyer t\u00eb avokat\u00ebve q\u00eb m\u00eb mb\u00ebshtet\u00ebn n\u00eb k\u00ebt\u00eb pro\u00e7es t\u00eb gjat\u00eb! <\/p>\n<p>\ud83d\udccdVler\u00ebsim p\u00ebr avokat\u00ebt e shtetit q\u00eb p\u00ebrfaq\u00ebsuan Shqip\u00ebrin\u00eb, me profesionaliz\u00ebm e korekt\u00ebsi n\u00eb respekt t\u00eb rregullave t\u00eb ECHR Strasbourg! <\/p>\n<p>#echr<br \/>\n#albania<br \/>\n#justice<br \/>\n#justicereform<br \/>\n#cani<br \/>\n#halimilaw<br \/>\n#greatteam<\/p>\n<p>https:\/\/hudoc.echr.coe.int\/eng#{%22documentcollectionid2%22:[%22GRANDCHAMBER%22,%22CHAMBER%22],%22itemid%22:[%22001-219773%22]}<\/p>\n","protected":false},"excerpt":{"rendered":"<p>K\u00ebshtu shkruan n\u00eb rrjetet sociale ish ministri i drejt\u00ebsis\u00eb Eduart Halimi. Ja postimi i plot\u00eb: \ud83d\udccd\ud83d\udccdStrasbourgu i jep t\u00eb drejt\u00eb prokurorit Besnik Cani! Nj\u00eb vendim drejt\u00ebsie! Nj\u00eb lajm i mir\u00eb p\u00ebr reform\u00ebn n\u00eb drejt\u00ebsi, gjyqtar\u00ebt e prokuror\u00ebt e ndersh\u00ebm e t\u00eb p\u00ebrkushtuar! \ud83d\udccdP\u00ebr Besnikun, prokuror prej 25 vjet\u00ebsh dhe bashk\u00ebshorten e tij, mjeken Liri, q\u00eb [&hellip;]<\/p>\n","protected":false},"author":2,"featured_media":22231,"comment_status":"open","ping_status":"open","sticky":false,"template":"","format":"standard","meta":{"footnotes":""},"categories":[9],"tags":[27],"class_list":{"0":"post-22230","1":"post","2":"type-post","3":"status-publish","4":"format-standard","5":"has-post-thumbnail","7":"category-politika","8":"tag-lajme"},"_links":{"self":[{"href":"https:\/\/neutrale.al\/index.php\/wp-json\/wp\/v2\/posts\/22230","targetHints":{"allow":["GET"]}}],"collection":[{"href":"https:\/\/neutrale.al\/index.php\/wp-json\/wp\/v2\/posts"}],"about":[{"href":"https:\/\/neutrale.al\/index.php\/wp-json\/wp\/v2\/types\/post"}],"author":[{"embeddable":true,"href":"https:\/\/neutrale.al\/index.php\/wp-json\/wp\/v2\/users\/2"}],"replies":[{"embeddable":true,"href":"https:\/\/neutrale.al\/index.php\/wp-json\/wp\/v2\/comments?post=22230"}],"version-history":[{"count":1,"href":"https:\/\/neutrale.al\/index.php\/wp-json\/wp\/v2\/posts\/22230\/revisions"}],"predecessor-version":[{"id":22232,"href":"https:\/\/neutrale.al\/index.php\/wp-json\/wp\/v2\/posts\/22230\/revisions\/22232"}],"wp:featuredmedia":[{"embeddable":true,"href":"https:\/\/neutrale.al\/index.php\/wp-json\/wp\/v2\/media\/22231"}],"wp:attachment":[{"href":"https:\/\/neutrale.al\/index.php\/wp-json\/wp\/v2\/media?parent=22230"}],"wp:term":[{"taxonomy":"category","embeddable":true,"href":"https:\/\/neutrale.al\/index.php\/wp-json\/wp\/v2\/categories?post=22230"},{"taxonomy":"post_tag","embeddable":true,"href":"https:\/\/neutrale.al\/index.php\/wp-json\/wp\/v2\/tags?post=22230"}],"curies":[{"name":"wp","href":"https:\/\/api.w.org\/{rel}","templated":true}]}}