{"id":22212,"date":"2022-10-04T08:20:57","date_gmt":"2022-10-04T08:20:57","guid":{"rendered":"https:\/\/neutrale.al\/?p=22212"},"modified":"2022-10-04T08:20:57","modified_gmt":"2022-10-04T08:20:57","slug":"regjistrimi-ne-luginen-e-presheves-kreu-i-legalitetit-shpetim-axhami-rregjistohu-deklarohu-shqiptar","status":"publish","type":"post","link":"https:\/\/neutrale.al\/index.php\/2022\/10\/04\/regjistrimi-ne-luginen-e-presheves-kreu-i-legalitetit-shpetim-axhami-rregjistohu-deklarohu-shqiptar\/","title":{"rendered":"Regjistrimi n\u00eb Lugin\u00ebn e Preshev\u00ebs\/ Kreu i Legalitetit, Shp\u00ebtim Axhami: Rregjistohu, deklarohu shqiptar !"},"content":{"rendered":"<p>Kjo \u00ebsht\u00eb thirrja q\u00eb Shp\u00ebtim Axhami, kryetar i Partis\u00eb L\u00ebvizja e Legalitetit, ka p\u00ebr shqiptar\u00ebt e tre komunave t\u00eb Lugin\u00ebs s\u00eb Preshev\u00ebs:<\/p>\n<p>\ud83d\udd34N\u00eb Lugin\u00ebn e Preshev\u00ebs, me dat\u00eb 1 Tetor 2022 ka nisur regjistrimi i popullsis\u00eb, i cili do t\u00eb zgjas\u00eb p\u00ebr 1 muaj.<\/p>\n<p>REGJISTROHU!<br \/>\nDEKLAROHU ME KOMB\u00cbSI SHQIPTARE.<\/p>\n<p>Shqip\u00ebtar\u00eb t\u00eb k\u00ebtyre komunave e kushdo tjet\u00ebr, kudo ku gjendeni n\u00eb diaspor\u00eb, duhet t\u00eb b\u00ebni t\u00eb pamundur\u00ebn dhe t\u00eb marrni \u00e7do mas\u00eb; regjistrohu vet\u00eb, regjistro familjen, dhe sensibilizo \u00e7do shqiptar\u00eb tjet\u00ebr q\u00eb t\u00eb regjistrohet.<\/p>\n<p>Ky regjistrim dhe deklarim komb\u00ebsie duhet t\u00eb kuptohet si nj\u00eb pergjegj\u00ebsie e lart\u00eb komb\u00ebtare, si nj\u00eb pro\u00e7es me r\u00ebnd\u00ebsi t\u00eb jasht\u00ebzakonshme, madje historike.<\/p>\n<p>Kjo, p\u00ebr sa m\u00eb sip\u00ebr, p\u00ebr t\u00eb treguar edhe nj\u00ebher\u00eb se Medvegja, Presheva dhe Bujanoci jan\u00eb tok\u00eb shqiptare e banuar prej vet\u00eb shqiptar\u00ebve.<\/p>\n<p>Ky regjistrim me deklarim komb\u00ebsie, gjithashtu do t\u00eb sh\u00ebrbej si nj\u00eb \u201cgoditje\u201d ndaj Beogradit duke ndaluar p\u00ebrpjekjet e vazhdueshme t\u00eb tij p\u00ebr nj\u00eb spastrim etnik t\u00eb k\u00ebtyre zonave duke tentuar t\u00eb minimizoj faktorin shqiptar\u00eb.\ud83c\udde6\ud83c\uddf1<\/p>\n<p>Le t\u2019i p\u00ebrgjigjemi diskriminimit me regjistrim.<\/p>\n<p><img loading=\"lazy\" loading=\"lazy\" decoding=\"async\" src=\"https:\/\/neutrale.al\/wp-content\/uploads\/2022\/10\/F2FF1C40-1348-47C0-A39A-8D6C364365A6-300x170.jpeg\" alt=\"\" width=\"300\" height=\"170\" class=\"alignnone size-medium wp-image-22213\" srcset=\"https:\/\/neutrale.al\/wp-content\/uploads\/2022\/10\/F2FF1C40-1348-47C0-A39A-8D6C364365A6-300x170.jpeg 300w, https:\/\/neutrale.al\/wp-content\/uploads\/2022\/10\/F2FF1C40-1348-47C0-A39A-8D6C364365A6-768x434.jpeg 768w, https:\/\/neutrale.al\/wp-content\/uploads\/2022\/10\/F2FF1C40-1348-47C0-A39A-8D6C364365A6-860x486.jpeg 860w, https:\/\/neutrale.al\/wp-content\/uploads\/2022\/10\/F2FF1C40-1348-47C0-A39A-8D6C364365A6.jpeg 1006w\" sizes=\"auto, (max-width: 300px) 100vw, 300px\" \/><\/p>\n<p><img loading=\"lazy\" loading=\"lazy\" decoding=\"async\" src=\"https:\/\/neutrale.al\/wp-content\/uploads\/2022\/10\/5CC10259-274A-48B2-9609-42B01A46946E-300x169.jpeg\" alt=\"\" width=\"300\" height=\"169\" class=\"alignnone size-medium wp-image-22214\" srcset=\"https:\/\/neutrale.al\/wp-content\/uploads\/2022\/10\/5CC10259-274A-48B2-9609-42B01A46946E-300x169.jpeg 300w, https:\/\/neutrale.al\/wp-content\/uploads\/2022\/10\/5CC10259-274A-48B2-9609-42B01A46946E-768x433.jpeg 768w, https:\/\/neutrale.al\/wp-content\/uploads\/2022\/10\/5CC10259-274A-48B2-9609-42B01A46946E.jpeg 852w\" sizes=\"auto, (max-width: 300px) 100vw, 300px\" \/><\/p>\n<p><img loading=\"lazy\" loading=\"lazy\" decoding=\"async\" src=\"https:\/\/neutrale.al\/wp-content\/uploads\/2022\/10\/2A61A3AC-F64B-4A46-95FB-ABFFD020D47A-300x218.jpeg\" alt=\"\" width=\"300\" height=\"218\" class=\"alignnone size-medium wp-image-22215\" srcset=\"https:\/\/neutrale.al\/wp-content\/uploads\/2022\/10\/2A61A3AC-F64B-4A46-95FB-ABFFD020D47A-300x218.jpeg 300w, https:\/\/neutrale.al\/wp-content\/uploads\/2022\/10\/2A61A3AC-F64B-4A46-95FB-ABFFD020D47A.jpeg 540w\" sizes=\"auto, (max-width: 300px) 100vw, 300px\" \/><\/p>\n","protected":false},"excerpt":{"rendered":"<p>Kjo \u00ebsht\u00eb thirrja q\u00eb Shp\u00ebtim Axhami, kryetar i Partis\u00eb L\u00ebvizja e Legalitetit, ka p\u00ebr shqiptar\u00ebt e tre komunave t\u00eb Lugin\u00ebs s\u00eb Preshev\u00ebs: \ud83d\udd34N\u00eb Lugin\u00ebn e Preshev\u00ebs, me dat\u00eb 1 Tetor 2022 ka nisur regjistrimi i popullsis\u00eb, i cili do t\u00eb zgjas\u00eb p\u00ebr 1 muaj. REGJISTROHU! DEKLAROHU ME KOMB\u00cbSI SHQIPTARE. Shqip\u00ebtar\u00eb t\u00eb k\u00ebtyre komunave e kushdo [&hellip;]<\/p>\n","protected":false},"author":2,"featured_media":22216,"comment_status":"open","ping_status":"open","sticky":false,"template":"","format":"standard","meta":{"footnotes":""},"categories":[2],"tags":[],"class_list":{"0":"post-22212","1":"post","2":"type-post","3":"status-publish","4":"format-standard","5":"has-post-thumbnail","7":"category-opinione"},"_links":{"self":[{"href":"https:\/\/neutrale.al\/index.php\/wp-json\/wp\/v2\/posts\/22212","targetHints":{"allow":["GET"]}}],"collection":[{"href":"https:\/\/neutrale.al\/index.php\/wp-json\/wp\/v2\/posts"}],"about":[{"href":"https:\/\/neutrale.al\/index.php\/wp-json\/wp\/v2\/types\/post"}],"author":[{"embeddable":true,"href":"https:\/\/neutrale.al\/index.php\/wp-json\/wp\/v2\/users\/2"}],"replies":[{"embeddable":true,"href":"https:\/\/neutrale.al\/index.php\/wp-json\/wp\/v2\/comments?post=22212"}],"version-history":[{"count":1,"href":"https:\/\/neutrale.al\/index.php\/wp-json\/wp\/v2\/posts\/22212\/revisions"}],"predecessor-version":[{"id":22217,"href":"https:\/\/neutrale.al\/index.php\/wp-json\/wp\/v2\/posts\/22212\/revisions\/22217"}],"wp:featuredmedia":[{"embeddable":true,"href":"https:\/\/neutrale.al\/index.php\/wp-json\/wp\/v2\/media\/22216"}],"wp:attachment":[{"href":"https:\/\/neutrale.al\/index.php\/wp-json\/wp\/v2\/media?parent=22212"}],"wp:term":[{"taxonomy":"category","embeddable":true,"href":"https:\/\/neutrale.al\/index.php\/wp-json\/wp\/v2\/categories?post=22212"},{"taxonomy":"post_tag","embeddable":true,"href":"https:\/\/neutrale.al\/index.php\/wp-json\/wp\/v2\/tags?post=22212"}],"curies":[{"name":"wp","href":"https:\/\/api.w.org\/{rel}","templated":true}]}}