{"id":22184,"date":"2022-10-04T08:13:09","date_gmt":"2022-10-04T08:13:09","guid":{"rendered":"https:\/\/neutrale.al\/?p=22184"},"modified":"2022-10-04T08:13:09","modified_gmt":"2022-10-04T08:13:09","slug":"ylli-asllani-primaret-ne-pd-start-i-fuqishem-ne-zgjedhjet-vendore","status":"publish","type":"post","link":"https:\/\/neutrale.al\/index.php\/2022\/10\/04\/ylli-asllani-primaret-ne-pd-start-i-fuqishem-ne-zgjedhjet-vendore\/","title":{"rendered":"Ylli Asllani*\/ Primaret n\u00eb PD, start i fuqish\u00ebm n\u00eb zgjedhjet vendore"},"content":{"rendered":"<p>Me seleksionimin e kandidat\u00ebve n\u00ebp\u00ebrmjet Primareve, PD po krijon nj\u00eb start t\u00eb fuqish\u00ebm n\u00eb zgjedhjet vendore t\u00eb pranver\u00ebs s\u00eb ardhshme.<\/p>\n<p>Shqip\u00ebria e ka t\u00eb nevojshme, m\u00eb shum\u00eb se kurr\u00eb t\u00eb prodhoj\u00eb drejtues politik q\u00eb i sh\u00ebrbejn\u00eb qytetar\u00ebve dhe jo regjimit,  jet\u00ebgjat\u00ebsis\u00eb s\u00eb tij apo interesave okulte.<\/p>\n<p>Tashm\u00eb \u00ebsht\u00eb e provuar plot\u00ebsisht se menyra me e mir\u00eb p\u00ebr ti sh\u00ebrbyer zgjedh\u00ebsve \u00ebsht\u00eb ti pyes\u00ebsh ata se kush duhet ti udh\u00ebheq.<\/p>\n<p>Rekrutimi publik i kandidat\u00ebve \u00ebsht\u00eb hapi i par\u00eb i r\u00ebnd\u00ebsish\u00ebm n\u00eb nj\u00eb fushat\u00eb paraelektorale, krahas projektit politik, plaform\u00ebs, p\u00ebrgatitjes s\u00eb stafeve, mesazhit elektoral, informimit t\u00eb opinionit dhe organizimit n\u00eb terren.<\/p>\n<p>Perball\u00eb oligark\u00ebve dhe autokrat\u00ebve strategjia m\u00eb e sigurt n\u00eb fitore  \u00ebsht\u00eb bashk\u00ebpunimi me  qytetar\u00ebt dhe hartimi s\u00eb bashku I platform\u00ebs politike. <\/p>\n<p>Ka kaluar koha kur vendimet merreshin brenda nj\u00eb rrethi t\u00eb vog\u00ebl, jasht\u00eb syve, interesave dhe pritshm\u00ebris\u00eb s\u00eb demokrat\u00ebve.<\/p>\n<p>Primaret e konfirmuara n\u00eb k\u00ebt\u00eb fund shtatori jan\u00eb nj\u00eb ftes\u00eb p\u00ebr pjes\u00ebmarrje n\u00eb gar\u00eb p\u00ebr gjith\u00eb ekspert\u00ebt, intelektual\u00ebt, apo aktivist\u00ebt e shoq\u00ebris\u00eb civile.<\/p>\n<p>Ato sh\u00ebnojn\u00eb nj\u00eb mund\u00ebsi harmonizimi dhe bashk\u00ebrendimi t\u00eb gjith\u00eb faktor\u00ebve q\u00eb synojn\u00eb nj\u00eb Shqip\u00ebri evropiane t\u00eb dashur p\u00ebr shqiptar\u00ebt.<\/p>\n<p>Politikb\u00ebrja p\u00ebrpara publikut i jep avantash cdo vendi dhe force politike q\u00eb e ushtron at\u00eb!<\/p>\n<p>*Autori \u00ebsht\u00eb Sekretar p\u00ebr Pushtetin Lokal n\u00eb PDSH.<\/p>\n","protected":false},"excerpt":{"rendered":"<p>Me seleksionimin e kandidat\u00ebve n\u00ebp\u00ebrmjet Primareve, PD po krijon nj\u00eb start t\u00eb fuqish\u00ebm n\u00eb zgjedhjet vendore t\u00eb pranver\u00ebs s\u00eb ardhshme. Shqip\u00ebria e ka t\u00eb nevojshme, m\u00eb shum\u00eb se kurr\u00eb t\u00eb prodhoj\u00eb drejtues politik q\u00eb i sh\u00ebrbejn\u00eb qytetar\u00ebve dhe jo regjimit, jet\u00ebgjat\u00ebsis\u00eb s\u00eb tij apo interesave okulte. Tashm\u00eb \u00ebsht\u00eb e provuar plot\u00ebsisht se menyra me e [&hellip;]<\/p>\n","protected":false},"author":2,"featured_media":22187,"comment_status":"open","ping_status":"open","sticky":false,"template":"","format":"standard","meta":{"footnotes":""},"categories":[2],"tags":[],"class_list":{"0":"post-22184","1":"post","2":"type-post","3":"status-publish","4":"format-standard","5":"has-post-thumbnail","7":"category-opinione"},"_links":{"self":[{"href":"https:\/\/neutrale.al\/index.php\/wp-json\/wp\/v2\/posts\/22184","targetHints":{"allow":["GET"]}}],"collection":[{"href":"https:\/\/neutrale.al\/index.php\/wp-json\/wp\/v2\/posts"}],"about":[{"href":"https:\/\/neutrale.al\/index.php\/wp-json\/wp\/v2\/types\/post"}],"author":[{"embeddable":true,"href":"https:\/\/neutrale.al\/index.php\/wp-json\/wp\/v2\/users\/2"}],"replies":[{"embeddable":true,"href":"https:\/\/neutrale.al\/index.php\/wp-json\/wp\/v2\/comments?post=22184"}],"version-history":[{"count":1,"href":"https:\/\/neutrale.al\/index.php\/wp-json\/wp\/v2\/posts\/22184\/revisions"}],"predecessor-version":[{"id":22188,"href":"https:\/\/neutrale.al\/index.php\/wp-json\/wp\/v2\/posts\/22184\/revisions\/22188"}],"wp:featuredmedia":[{"embeddable":true,"href":"https:\/\/neutrale.al\/index.php\/wp-json\/wp\/v2\/media\/22187"}],"wp:attachment":[{"href":"https:\/\/neutrale.al\/index.php\/wp-json\/wp\/v2\/media?parent=22184"}],"wp:term":[{"taxonomy":"category","embeddable":true,"href":"https:\/\/neutrale.al\/index.php\/wp-json\/wp\/v2\/categories?post=22184"},{"taxonomy":"post_tag","embeddable":true,"href":"https:\/\/neutrale.al\/index.php\/wp-json\/wp\/v2\/tags?post=22184"}],"curies":[{"name":"wp","href":"https:\/\/api.w.org\/{rel}","templated":true}]}}