{"id":22148,"date":"2022-10-03T17:14:33","date_gmt":"2022-10-03T17:14:33","guid":{"rendered":"https:\/\/neutrale.al\/?p=22148"},"modified":"2022-10-03T17:14:33","modified_gmt":"2022-10-03T17:14:33","slug":"erdogan-ngre-padi-kunder-politikanit-gjerman","status":"publish","type":"post","link":"https:\/\/neutrale.al\/index.php\/2022\/10\/03\/erdogan-ngre-padi-kunder-politikanit-gjerman\/","title":{"rendered":"Erdogan ngre padi kund\u00ebr politikanit gjerman"},"content":{"rendered":"<p>P\u00ebr shkak t\u00eb etiketimit t\u00eb presidentit turk, Recep Tayyip Erdogan si &#8220;mi i vog\u00ebl kanali&#8221; politikani liberal gjerman duhet t\u00eb p\u00ebrballet me nj\u00eb proces gjyq\u00ebsor. Sipas agjencis\u00eb gjermane t\u00eb lajmeve, dpa, z\u00ebvend\u00ebspresidenti i Bundestagut, Kubicki n\u00eb nj\u00eb miting zgjedhor e kishte kritikuar ashp\u00ebr politik\u00ebn e refugjat\u00ebve t\u00eb Erdoganit dhe n\u00eb k\u00ebt\u00eb kontekst e kishte quajtur &#8220;mi t\u00eb vog\u00ebl kanali&#8221;. Sipas raportimeve avokati nga K\u00f6lni, Mustafa Kaplan n\u00eb em\u00ebr t\u00eb Erdoganit ka ngritur padi kund\u00ebr z\u00ebvend\u00ebspresidentit t\u00eb Bundestagut, Kubicki p\u00ebr fyerje dhe posht\u00ebrim. Letra e avokatit mban dat\u00ebn 29 shtator dhe p\u00ebr shkak t\u00eb kompetencave p\u00ebrkat\u00ebse ka mb\u00ebrritur n\u00eb Prokurorin\u00eb e\u00a0Hildesheimit.<\/p>\n<p>Kaplan shkruan, se p\u00ebrcaktimin si &#8220;mi kanali&#8221; duhet ta kuptosh si t\u00eb till\u00eb, q\u00eb Erdogan \u00ebsht\u00eb nj\u00eb person q\u00eb &#8220;shikohet si nj\u00eb i shkat\u00ebrruar nga ana e vlerave, i rr\u00ebnuar moralisht dhe q\u00eb t\u00eb shkakton neveri&#8221;. Kubicki nuk ka dashur t\u00eb b\u00ebj\u00eb kritik\u00eb me fakte, por vet\u00ebm posht\u00ebrim. K\u00ebsaj i shtohet q\u00eb shprehja p\u00ebr Erdoganin &#8220;edhe p\u00ebr arsye fetare&#8221; nuk pranohet kollaj. B\u00ebhet fjal\u00eb p\u00ebr nj\u00eb sulm antiligjor kund\u00ebr nderit t\u00eb nj\u00eb personi tjet\u00ebr.&#8221;<\/p>\n<p>P\u00ebrve\u00e7 k\u00ebsaj, Kubicki ka akuzuar jo drejtp\u00ebrdejt, se presidenti turk i p\u00ebrdor refugjat\u00ebt si mjet presioni ndaj per\u00ebndimit. Kjo \u00ebsht\u00eb e provueshme q\u00eb nuk \u00ebsht\u00eb k\u00ebshtu.<\/p>\n<p>Kubicki i qet\u00eb<\/p>\n<p>M\u00eb par\u00eb Kubicki kishte pranuar, se e kishte p\u00ebrcaktuar Erdogan si &#8220;mi t\u00eb vog\u00ebl kanali&#8221;. Ai u mbrojt me argumentin se &#8220;nj\u00eb mi kanali&#8221; \u00ebsht\u00eb &#8220;nj\u00eb krijes\u00eb e vog\u00ebl, e lezetshme n\u00eb t\u00eb nj\u00ebjt\u00ebn koh\u00eb e zgjuar dhe dinake, prandaj shfaqet edhe n\u00eb historit\u00eb e f\u00ebmij\u00ebve si protagoniste&#8221; dhe kujtoi tituj librash, ku miu i kanalit luan rol. Ministria e Jashtme gjermane \u00ebsht\u00eb distancuar nd\u00ebrkoh\u00eb nga deklaratat e politikanit liberal, edhe pse jo drejtp\u00ebrdrejt. Nj\u00eb z\u00ebdh\u00ebn\u00ebs i MPJ n\u00eb Berin \u00ebsht\u00eb shprehur, se \u00ebsht\u00eb q\u00ebndrim baz\u00eb i k\u00ebsaj ministrie, q\u00eb komunikimi me p\u00ebrfaq\u00ebsues t\u00eb shteteve t\u00eb tjera t\u00eb jet\u00eb &#8220;me respekt&#8221;. &#8220;N\u00eb k\u00ebt\u00eb kuptim deklarata fyese n\u00eb shk\u00ebmbimin nd\u00ebrkomb\u00ebtar nuk kan\u00eb vend n\u00eb komunikimin ton\u00eb.&#8221; Nj\u00eb z\u00ebdh\u00ebn\u00ebs i Ministris\u00eb s\u00eb Jashtme t\u00eb Turqis\u00eb \u00ebsht\u00eb shprehur, se Turqia i d\u00ebnon ashp\u00ebrsisht fjal\u00ebt fyese t\u00eb Kubickit. Ministria e Jashtme turke thirri n\u00eb Ankara ambasadorin gjerman.DW<\/p>\n<p><img loading=\"lazy\" loading=\"lazy\" decoding=\"async\" src=\"https:\/\/neutrale.al\/wp-content\/uploads\/2022\/10\/8F81BD19-C01C-481C-A7A4-2E10E379585B-300x195.jpeg\" alt=\"\" width=\"300\" height=\"195\" class=\"alignnone size-medium wp-image-22149\" srcset=\"https:\/\/neutrale.al\/wp-content\/uploads\/2022\/10\/8F81BD19-C01C-481C-A7A4-2E10E379585B-300x195.jpeg 300w, https:\/\/neutrale.al\/wp-content\/uploads\/2022\/10\/8F81BD19-C01C-481C-A7A4-2E10E379585B-1024x666.jpeg 1024w, https:\/\/neutrale.al\/wp-content\/uploads\/2022\/10\/8F81BD19-C01C-481C-A7A4-2E10E379585B-768x499.jpeg 768w, https:\/\/neutrale.al\/wp-content\/uploads\/2022\/10\/8F81BD19-C01C-481C-A7A4-2E10E379585B-860x559.jpeg 860w, https:\/\/neutrale.al\/wp-content\/uploads\/2022\/10\/8F81BD19-C01C-481C-A7A4-2E10E379585B.jpeg 1080w\" sizes=\"auto, (max-width: 300px) 100vw, 300px\" \/><\/p>\n","protected":false},"excerpt":{"rendered":"<p>P\u00ebr shkak t\u00eb etiketimit t\u00eb presidentit turk, Recep Tayyip Erdogan si &#8220;mi i vog\u00ebl kanali&#8221; politikani liberal gjerman duhet t\u00eb p\u00ebrballet me nj\u00eb proces gjyq\u00ebsor. Sipas agjencis\u00eb gjermane t\u00eb lajmeve, dpa, z\u00ebvend\u00ebspresidenti i Bundestagut, Kubicki n\u00eb nj\u00eb miting zgjedhor e kishte kritikuar ashp\u00ebr politik\u00ebn e refugjat\u00ebve t\u00eb Erdoganit dhe n\u00eb k\u00ebt\u00eb kontekst e kishte quajtur [&hellip;]<\/p>\n","protected":false},"author":2,"featured_media":22150,"comment_status":"open","ping_status":"open","sticky":false,"template":"","format":"standard","meta":{"footnotes":""},"categories":[12],"tags":[27],"class_list":{"0":"post-22148","1":"post","2":"type-post","3":"status-publish","4":"format-standard","5":"has-post-thumbnail","7":"category-bota","8":"tag-lajme"},"_links":{"self":[{"href":"https:\/\/neutrale.al\/index.php\/wp-json\/wp\/v2\/posts\/22148","targetHints":{"allow":["GET"]}}],"collection":[{"href":"https:\/\/neutrale.al\/index.php\/wp-json\/wp\/v2\/posts"}],"about":[{"href":"https:\/\/neutrale.al\/index.php\/wp-json\/wp\/v2\/types\/post"}],"author":[{"embeddable":true,"href":"https:\/\/neutrale.al\/index.php\/wp-json\/wp\/v2\/users\/2"}],"replies":[{"embeddable":true,"href":"https:\/\/neutrale.al\/index.php\/wp-json\/wp\/v2\/comments?post=22148"}],"version-history":[{"count":1,"href":"https:\/\/neutrale.al\/index.php\/wp-json\/wp\/v2\/posts\/22148\/revisions"}],"predecessor-version":[{"id":22151,"href":"https:\/\/neutrale.al\/index.php\/wp-json\/wp\/v2\/posts\/22148\/revisions\/22151"}],"wp:featuredmedia":[{"embeddable":true,"href":"https:\/\/neutrale.al\/index.php\/wp-json\/wp\/v2\/media\/22150"}],"wp:attachment":[{"href":"https:\/\/neutrale.al\/index.php\/wp-json\/wp\/v2\/media?parent=22148"}],"wp:term":[{"taxonomy":"category","embeddable":true,"href":"https:\/\/neutrale.al\/index.php\/wp-json\/wp\/v2\/categories?post=22148"},{"taxonomy":"post_tag","embeddable":true,"href":"https:\/\/neutrale.al\/index.php\/wp-json\/wp\/v2\/tags?post=22148"}],"curies":[{"name":"wp","href":"https:\/\/api.w.org\/{rel}","templated":true}]}}