{"id":22075,"date":"2022-10-03T10:36:17","date_gmt":"2022-10-03T10:36:17","guid":{"rendered":"https:\/\/neutrale.al\/?p=22075"},"modified":"2022-10-03T10:36:17","modified_gmt":"2022-10-03T10:36:17","slug":"tirane-kryeministri-rama-ne-kongresin-e-nanoteknologjise","status":"publish","type":"post","link":"https:\/\/neutrale.al\/index.php\/2022\/10\/03\/tirane-kryeministri-rama-ne-kongresin-e-nanoteknologjise\/","title":{"rendered":"Tiran\u00eb\/ Kryeministri Rama n\u00eb Kongresin e Nanoteknologjis\u00eb."},"content":{"rendered":"<p>N\u00eb kryeqytetin shqiptar po zhvillohet Kongresi i Dyt\u00eb Nd\u00ebrkomb\u00ebtar i Nanoteknologjis\u00eb, p\u00ebr arritjet e sfidat e sotme t\u00eb teknologjis\u00eb.<\/p>\n<p>N\u00eb k\u00ebt\u00eb aktivitet ka marr pjes\u00eb edhe kryeministri Edi Rama, i cili p\u00ebrcjell\u00eb mesazhin e m\u00ebposht\u00ebm:<\/p>\n<p>\ud83d\udccdTiran\u00eb &#8211; Kongresi i Dyt\u00eb Nd\u00ebrkomb\u00ebtar i Nanoteknologjis\u00eb, p\u00ebr arritjet e sfidat e sotme t\u00eb teknologjis\u00eb, si edhe mund\u00ebsit\u00eb e ambiciet zhvillimore t\u00eb Shqip\u00ebris\u00eb n\u00eb k\u00ebt\u00eb aspekt, n\u00eb fushat e sh\u00ebndetit, siguris\u00eb, bujq\u00ebsis\u00eb, mjedisit\u2026\ud83d\udc69\ud83c\udffb\u200d\ud83d\udcbb\ud83d\udc68\u200d\ud83d\udd27\ud83e\uddd1\u200d\ud83d\udd27\ud83e\udd7c\ud83d\udc69\u200d\ud83d\udd2c\ud83d\udcf2\ud83d\udcbb<\/p>\n<p>#T\u00ebBashkuarJoT\u00ebNdar\u00eb\ud83e\udef6<br \/>\n#Shqip\u00ebriaEArdhmjaJon\u00eb\u2600\ufe0f\ud83c\udde6\ud83c\uddf1<br \/>\n#SkaKoh\u00ebP\u00ebrPushim\ud83c\udfc3\u200d\u2640\ufe0f\ud83c\udfc3\ud83c\udffb\u200d\u2642\ufe0f<\/p>\n","protected":false},"excerpt":{"rendered":"<p>N\u00eb kryeqytetin shqiptar po zhvillohet Kongresi i Dyt\u00eb Nd\u00ebrkomb\u00ebtar i Nanoteknologjis\u00eb, p\u00ebr arritjet e sfidat e sotme t\u00eb teknologjis\u00eb. N\u00eb k\u00ebt\u00eb aktivitet ka marr pjes\u00eb edhe kryeministri Edi Rama, i cili p\u00ebrcjell\u00eb mesazhin e m\u00ebposht\u00ebm: \ud83d\udccdTiran\u00eb &#8211; Kongresi i Dyt\u00eb Nd\u00ebrkomb\u00ebtar i Nanoteknologjis\u00eb, p\u00ebr arritjet e sfidat e sotme t\u00eb teknologjis\u00eb, si edhe mund\u00ebsit\u00eb e [&hellip;]<\/p>\n","protected":false},"author":2,"featured_media":22076,"comment_status":"open","ping_status":"open","sticky":false,"template":"","format":"standard","meta":{"footnotes":""},"categories":[118,9],"tags":[],"class_list":{"0":"post-22075","1":"post","2":"type-post","3":"status-publish","4":"format-standard","5":"has-post-thumbnail","7":"category-kryesore","8":"category-politika"},"_links":{"self":[{"href":"https:\/\/neutrale.al\/index.php\/wp-json\/wp\/v2\/posts\/22075","targetHints":{"allow":["GET"]}}],"collection":[{"href":"https:\/\/neutrale.al\/index.php\/wp-json\/wp\/v2\/posts"}],"about":[{"href":"https:\/\/neutrale.al\/index.php\/wp-json\/wp\/v2\/types\/post"}],"author":[{"embeddable":true,"href":"https:\/\/neutrale.al\/index.php\/wp-json\/wp\/v2\/users\/2"}],"replies":[{"embeddable":true,"href":"https:\/\/neutrale.al\/index.php\/wp-json\/wp\/v2\/comments?post=22075"}],"version-history":[{"count":1,"href":"https:\/\/neutrale.al\/index.php\/wp-json\/wp\/v2\/posts\/22075\/revisions"}],"predecessor-version":[{"id":22077,"href":"https:\/\/neutrale.al\/index.php\/wp-json\/wp\/v2\/posts\/22075\/revisions\/22077"}],"wp:featuredmedia":[{"embeddable":true,"href":"https:\/\/neutrale.al\/index.php\/wp-json\/wp\/v2\/media\/22076"}],"wp:attachment":[{"href":"https:\/\/neutrale.al\/index.php\/wp-json\/wp\/v2\/media?parent=22075"}],"wp:term":[{"taxonomy":"category","embeddable":true,"href":"https:\/\/neutrale.al\/index.php\/wp-json\/wp\/v2\/categories?post=22075"},{"taxonomy":"post_tag","embeddable":true,"href":"https:\/\/neutrale.al\/index.php\/wp-json\/wp\/v2\/tags?post=22075"}],"curies":[{"name":"wp","href":"https:\/\/api.w.org\/{rel}","templated":true}]}}