{"id":22069,"date":"2022-10-03T10:31:26","date_gmt":"2022-10-03T10:31:26","guid":{"rendered":"https:\/\/neutrale.al\/?p=22069"},"modified":"2022-10-03T10:31:26","modified_gmt":"2022-10-03T10:31:26","slug":"kreu-i-keshillit-kombetar-te-pd-se-paloka-ne-gjykaten-e-posacme","status":"publish","type":"post","link":"https:\/\/neutrale.al\/index.php\/2022\/10\/03\/kreu-i-keshillit-kombetar-te-pd-se-paloka-ne-gjykaten-e-posacme\/","title":{"rendered":"Kreu i K\u00ebshillit Komb\u00ebtar t\u00eb PD-s\u00eb, Paloka, n\u00eb Gjykat\u00ebn e Posa\u00e7me"},"content":{"rendered":"<p>Kreu i KK t\u00eb PD-s\u00eb dhe deputet i k\u00ebsaj Partie, Edi Paloka \u00ebsht\u00eb paraqitur dit\u00ebn e sotme n\u00eb Gjykat\u00ebn e Posa\u00e7me GJKKO, p\u00ebr procesin gjyq\u00ebsor me Ardian \u00c7el\u00ebn, Administrator i OSHEE-s\u00eb.<\/p>\n<p>Partia Demokratike ka depozituar n\u00eb SPAK vitin e kaluar dy padi penale.<br \/>\nNj\u00ebra prej tyre ka lidhje me kallezimin ndaj Ardian \u00c7el\u00ebn, Administrator i OSHEE-s\u00eb dhe koordinator i PS-s\u00eb p\u00ebr Durr\u00ebsin.<\/p>\n<p>B\u00ebhet fjal\u00eb p\u00ebr akuzat e Edi Palok\u00ebs gjat\u00eb fushat\u00ebs elektorale n\u00eb zgjedhjet parlamentare t\u00eb vitit 2021.<br \/>\nAkuzat e demokrat\u00ebve ishin, se maxhoranca p\u00ebrdori metod\u00ebn e pun\u00ebsimeve fiktive me kontrata 2-mujore p\u00ebr t\u00eb siguruar vota.<\/p>\n<p>Paloka at\u00ebher\u00eb u shpreh, se pas k\u00ebsaj skeme q\u00ebndronte pik\u00ebrisht kreu i OSHEE-s\u00eb, Ardian \u00c7ela.<\/p>\n","protected":false},"excerpt":{"rendered":"<p>Kreu i KK t\u00eb PD-s\u00eb dhe deputet i k\u00ebsaj Partie, Edi Paloka \u00ebsht\u00eb paraqitur dit\u00ebn e sotme n\u00eb Gjykat\u00ebn e Posa\u00e7me GJKKO, p\u00ebr procesin gjyq\u00ebsor me Ardian \u00c7el\u00ebn, Administrator i OSHEE-s\u00eb. Partia Demokratike ka depozituar n\u00eb SPAK vitin e kaluar dy padi penale. Nj\u00ebra prej tyre ka lidhje me kallezimin ndaj Ardian \u00c7el\u00ebn, Administrator i [&hellip;]<\/p>\n","protected":false},"author":2,"featured_media":22070,"comment_status":"open","ping_status":"open","sticky":false,"template":"","format":"standard","meta":{"footnotes":""},"categories":[118,9],"tags":[],"class_list":{"0":"post-22069","1":"post","2":"type-post","3":"status-publish","4":"format-standard","5":"has-post-thumbnail","7":"category-kryesore","8":"category-politika"},"_links":{"self":[{"href":"https:\/\/neutrale.al\/index.php\/wp-json\/wp\/v2\/posts\/22069","targetHints":{"allow":["GET"]}}],"collection":[{"href":"https:\/\/neutrale.al\/index.php\/wp-json\/wp\/v2\/posts"}],"about":[{"href":"https:\/\/neutrale.al\/index.php\/wp-json\/wp\/v2\/types\/post"}],"author":[{"embeddable":true,"href":"https:\/\/neutrale.al\/index.php\/wp-json\/wp\/v2\/users\/2"}],"replies":[{"embeddable":true,"href":"https:\/\/neutrale.al\/index.php\/wp-json\/wp\/v2\/comments?post=22069"}],"version-history":[{"count":1,"href":"https:\/\/neutrale.al\/index.php\/wp-json\/wp\/v2\/posts\/22069\/revisions"}],"predecessor-version":[{"id":22071,"href":"https:\/\/neutrale.al\/index.php\/wp-json\/wp\/v2\/posts\/22069\/revisions\/22071"}],"wp:featuredmedia":[{"embeddable":true,"href":"https:\/\/neutrale.al\/index.php\/wp-json\/wp\/v2\/media\/22070"}],"wp:attachment":[{"href":"https:\/\/neutrale.al\/index.php\/wp-json\/wp\/v2\/media?parent=22069"}],"wp:term":[{"taxonomy":"category","embeddable":true,"href":"https:\/\/neutrale.al\/index.php\/wp-json\/wp\/v2\/categories?post=22069"},{"taxonomy":"post_tag","embeddable":true,"href":"https:\/\/neutrale.al\/index.php\/wp-json\/wp\/v2\/tags?post=22069"}],"curies":[{"name":"wp","href":"https:\/\/api.w.org\/{rel}","templated":true}]}}