{"id":22066,"date":"2022-10-03T10:20:27","date_gmt":"2022-10-03T10:20:27","guid":{"rendered":"https:\/\/neutrale.al\/?p=22066"},"modified":"2022-10-03T10:20:27","modified_gmt":"2022-10-03T10:20:27","slug":"primaret-ne-pd-kaso-do-permerisohen-praktikat-qe-u-perdoren-per-zgjedhjet-e-6-marsit","status":"publish","type":"post","link":"https:\/\/neutrale.al\/index.php\/2022\/10\/03\/primaret-ne-pd-kaso-do-permerisohen-praktikat-qe-u-perdoren-per-zgjedhjet-e-6-marsit\/","title":{"rendered":"Primaret n\u00eb PD\/ Kaso: Do p\u00ebrm\u00ebrisohen praktikat, q\u00eb u p\u00ebrdor\u00ebn p\u00ebr zgjedhjet e 6 marsit"},"content":{"rendered":"<p>Sekretari p\u00ebr \u00e7\u00ebshtjet zgjedhore n\u00eb PD, Ivi Kaso tha n\u00eb nj\u00eb intervist\u00eb p\u00ebr Euronews Albania se primaret n\u00eb PD do t\u00eb zhvillohen me modalitete t\u00eb ngjashme me planin n\u00eb zgjedhjet e 6 marsit.<\/p>\n<p>\u201cVet\u00ebm \u00ebsht\u00eb \u00e7muar e udh\u00ebs q\u00eb t\u00eb evidentohen disa problematika t\u00eb cilat u verifikuan n\u00eb ushtrimin e par\u00eb t\u00eb primareve q\u00eb b\u00ebri Partia Demokratike, pra at\u00eb p\u00ebr zgjedhjet e pjesshme t\u00eb 6 marsit, duke synuar q\u00eb ato gj\u00ebra q\u00eb mund t\u00eb sh\u00ebrbenin si burim konflikti midis kandidat\u00ebve t\u00eb evitoheshin p\u00ebr sa t\u00eb ishte e mundur dhe t\u00eb gjendeshin modalitete t\u00eb tjera tej atyre q\u00eb u aplikuan n\u00eb dat\u00ebn 6 mars,\u2019 \u2013 u shpreh Kaso.<\/p>\n<p>Nj\u00eb vendim i till\u00eb po merret n\u00eb m\u00ebnyr\u00eb q\u00eb kandidat\u00ebt e p\u00ebrzgjedhur n\u00ebp\u00ebrmjet k\u00ebtij mekanizmit t\u00eb primareve t\u00eb ken\u00eb nj\u00eb konsensus sa m\u00eb t\u00eb gjer\u00eb duke dal\u00eb tej antar\u00ebsis\u00eb.<br \/>\nKaso sqaroi se, nuk ka nj\u00eb num\u00ebr t\u00eb kufizuar t\u00eb pjes\u00ebmarr\u00ebsve n\u00eb gar\u00eb.<\/p>\n","protected":false},"excerpt":{"rendered":"<p>Sekretari p\u00ebr \u00e7\u00ebshtjet zgjedhore n\u00eb PD, Ivi Kaso tha n\u00eb nj\u00eb intervist\u00eb p\u00ebr Euronews Albania se primaret n\u00eb PD do t\u00eb zhvillohen me modalitete t\u00eb ngjashme me planin n\u00eb zgjedhjet e 6 marsit. \u201cVet\u00ebm \u00ebsht\u00eb \u00e7muar e udh\u00ebs q\u00eb t\u00eb evidentohen disa problematika t\u00eb cilat u verifikuan n\u00eb ushtrimin e par\u00eb t\u00eb primareve q\u00eb b\u00ebri [&hellip;]<\/p>\n","protected":false},"author":2,"featured_media":22067,"comment_status":"open","ping_status":"open","sticky":false,"template":"","format":"standard","meta":{"footnotes":""},"categories":[9],"tags":[27],"class_list":{"0":"post-22066","1":"post","2":"type-post","3":"status-publish","4":"format-standard","5":"has-post-thumbnail","7":"category-politika","8":"tag-lajme"},"_links":{"self":[{"href":"https:\/\/neutrale.al\/index.php\/wp-json\/wp\/v2\/posts\/22066","targetHints":{"allow":["GET"]}}],"collection":[{"href":"https:\/\/neutrale.al\/index.php\/wp-json\/wp\/v2\/posts"}],"about":[{"href":"https:\/\/neutrale.al\/index.php\/wp-json\/wp\/v2\/types\/post"}],"author":[{"embeddable":true,"href":"https:\/\/neutrale.al\/index.php\/wp-json\/wp\/v2\/users\/2"}],"replies":[{"embeddable":true,"href":"https:\/\/neutrale.al\/index.php\/wp-json\/wp\/v2\/comments?post=22066"}],"version-history":[{"count":1,"href":"https:\/\/neutrale.al\/index.php\/wp-json\/wp\/v2\/posts\/22066\/revisions"}],"predecessor-version":[{"id":22068,"href":"https:\/\/neutrale.al\/index.php\/wp-json\/wp\/v2\/posts\/22066\/revisions\/22068"}],"wp:featuredmedia":[{"embeddable":true,"href":"https:\/\/neutrale.al\/index.php\/wp-json\/wp\/v2\/media\/22067"}],"wp:attachment":[{"href":"https:\/\/neutrale.al\/index.php\/wp-json\/wp\/v2\/media?parent=22066"}],"wp:term":[{"taxonomy":"category","embeddable":true,"href":"https:\/\/neutrale.al\/index.php\/wp-json\/wp\/v2\/categories?post=22066"},{"taxonomy":"post_tag","embeddable":true,"href":"https:\/\/neutrale.al\/index.php\/wp-json\/wp\/v2\/tags?post=22066"}],"curies":[{"name":"wp","href":"https:\/\/api.w.org\/{rel}","templated":true}]}}