{"id":22030,"date":"2022-10-03T07:53:19","date_gmt":"2022-10-03T07:53:19","guid":{"rendered":"https:\/\/neutrale.al\/?p=22030"},"modified":"2022-10-03T07:53:19","modified_gmt":"2022-10-03T07:53:19","slug":"belind-kellici-o-erion-o-beton-kudo-ne-europe-do-te-te-kishin-kycur-ne-burg-ti-beje-shoqeri-tahirit","status":"publish","type":"post","link":"https:\/\/neutrale.al\/index.php\/2022\/10\/03\/belind-kellici-o-erion-o-beton-kudo-ne-europe-do-te-te-kishin-kycur-ne-burg-ti-beje-shoqeri-tahirit\/","title":{"rendered":"Belind K\u00eblli\u00e7i\/ O Erion, o Beton! Kudo n\u00eb Europ\u00eb do t\u00eb t\u00eb kishin ky\u00e7ur n\u00eb burg t&#8217;i b\u00ebje shoq\u00ebri Tahirit"},"content":{"rendered":"<p>K\u00ebshtu shkruan n\u00eb rrjetet sociale deputeti Belind K\u00eblli\u00e7i, duke sulmuar kreun e bashkis\u00eb Tiran\u00eb, Erion Veliaj.<\/p>\n<p>Ty t\u00eb mor\u00ebn nga nj\u00eb parti\u00e7k\u00eb si G99 dhe t\u00eb b\u00ebn\u00eb socialist p\u00ebr 24 or\u00eb, q\u00eb t\u00eb ngresh kullat q\u00eb nuk p\u00ebrfundoi Rama si kryebashkiak\u2026 vazhdon K\u00eblli\u00e7i<\/p>\n<p>Ja postimi i plot\u00eb:<\/p>\n<p>O Erion, o Beton !<\/p>\n<p>Po si nuk le nj\u00eb lulishte n\u00eb Tiran\u00eb?! Kaq shum\u00eb e urren Tiran\u00ebn?!!! Po ty ndaj t\u00eb mor\u00ebn nga nj\u00eb parti\u00e7k\u00eb si G99 dhe t\u00eb b\u00ebn\u00eb socialist p\u00ebr 24 or\u00eb, q\u00eb t\u00eb ngresh kullat q\u00eb nuk p\u00ebrfundoi Rama si kryebashkiak\u2026<\/p>\n<p>A ka tallje m\u00eb t\u00eb madhe se t&#8217;i thuash shqiptar\u00ebve se Beratin do e nd\u00ebrtosh vertikalisht n\u00eb Tiran\u00eb? <\/p>\n<p>Sa i pafytyr\u00eb je p\u00ebr t\u00eb mashtruar nj\u00eb popull t\u00eb t\u00ebr\u00eb, kur del e thua se kjo sh\u00ebmti betoni \u00ebsht\u00eb risi dhe ruajtje e trash\u00ebgimis\u00eb kulturore?!<\/p>\n<p>Kudo n\u00eb Europ\u00eb do t\u00eb t\u00eb kishin ky\u00e7ur n\u00eb burg t&#8217;i b\u00ebje shoq\u00ebri Tahirit. Besoj e di q\u00eb t\u00eb pret krah\u00ebhapur, bashk\u00eb me \u00e7unat problematik\u00eb q\u00eb t\u00eb duan shum\u00eb!<\/p>\n<p><img loading=\"lazy\" loading=\"lazy\" decoding=\"async\" src=\"https:\/\/neutrale.al\/wp-content\/uploads\/2022\/10\/B9C7E13F-7A2D-4E1F-AD76-0EBBCBE04509-300x214.jpeg\" alt=\"\" width=\"300\" height=\"214\" class=\"alignnone size-medium wp-image-22031\" srcset=\"https:\/\/neutrale.al\/wp-content\/uploads\/2022\/10\/B9C7E13F-7A2D-4E1F-AD76-0EBBCBE04509-300x214.jpeg 300w, https:\/\/neutrale.al\/wp-content\/uploads\/2022\/10\/B9C7E13F-7A2D-4E1F-AD76-0EBBCBE04509.jpeg 640w\" sizes=\"auto, (max-width: 300px) 100vw, 300px\" \/><\/p>\n","protected":false},"excerpt":{"rendered":"<p>K\u00ebshtu shkruan n\u00eb rrjetet sociale deputeti Belind K\u00eblli\u00e7i, duke sulmuar kreun e bashkis\u00eb Tiran\u00eb, Erion Veliaj. Ty t\u00eb mor\u00ebn nga nj\u00eb parti\u00e7k\u00eb si G99 dhe t\u00eb b\u00ebn\u00eb socialist p\u00ebr 24 or\u00eb, q\u00eb t\u00eb ngresh kullat q\u00eb nuk p\u00ebrfundoi Rama si kryebashkiak\u2026 vazhdon K\u00eblli\u00e7i Ja postimi i plot\u00eb: O Erion, o Beton ! Po si nuk [&hellip;]<\/p>\n","protected":false},"author":2,"featured_media":22032,"comment_status":"open","ping_status":"open","sticky":false,"template":"","format":"standard","meta":{"footnotes":""},"categories":[118,9],"tags":[],"class_list":{"0":"post-22030","1":"post","2":"type-post","3":"status-publish","4":"format-standard","5":"has-post-thumbnail","7":"category-kryesore","8":"category-politika"},"_links":{"self":[{"href":"https:\/\/neutrale.al\/index.php\/wp-json\/wp\/v2\/posts\/22030","targetHints":{"allow":["GET"]}}],"collection":[{"href":"https:\/\/neutrale.al\/index.php\/wp-json\/wp\/v2\/posts"}],"about":[{"href":"https:\/\/neutrale.al\/index.php\/wp-json\/wp\/v2\/types\/post"}],"author":[{"embeddable":true,"href":"https:\/\/neutrale.al\/index.php\/wp-json\/wp\/v2\/users\/2"}],"replies":[{"embeddable":true,"href":"https:\/\/neutrale.al\/index.php\/wp-json\/wp\/v2\/comments?post=22030"}],"version-history":[{"count":1,"href":"https:\/\/neutrale.al\/index.php\/wp-json\/wp\/v2\/posts\/22030\/revisions"}],"predecessor-version":[{"id":22033,"href":"https:\/\/neutrale.al\/index.php\/wp-json\/wp\/v2\/posts\/22030\/revisions\/22033"}],"wp:featuredmedia":[{"embeddable":true,"href":"https:\/\/neutrale.al\/index.php\/wp-json\/wp\/v2\/media\/22032"}],"wp:attachment":[{"href":"https:\/\/neutrale.al\/index.php\/wp-json\/wp\/v2\/media?parent=22030"}],"wp:term":[{"taxonomy":"category","embeddable":true,"href":"https:\/\/neutrale.al\/index.php\/wp-json\/wp\/v2\/categories?post=22030"},{"taxonomy":"post_tag","embeddable":true,"href":"https:\/\/neutrale.al\/index.php\/wp-json\/wp\/v2\/tags?post=22030"}],"curies":[{"name":"wp","href":"https:\/\/api.w.org\/{rel}","templated":true}]}}