{"id":21962,"date":"2022-10-02T12:23:15","date_gmt":"2022-10-02T12:23:15","guid":{"rendered":"https:\/\/neutrale.al\/?p=21962"},"modified":"2022-10-02T12:23:15","modified_gmt":"2022-10-02T12:23:15","slug":"kukes-autobusi-del-nga-rruga-ka-te-plagosur","status":"publish","type":"post","link":"https:\/\/neutrale.al\/index.php\/2022\/10\/02\/kukes-autobusi-del-nga-rruga-ka-te-plagosur\/","title":{"rendered":"Kuk\u00ebs\/Autobusi del nga rruga , ka t\u00eb plagosur"},"content":{"rendered":"<p>Njoftimi i policis\u00eb<\/p>\n<p>Nga sh\u00ebrbimet e Nj\u00ebsis\u00eb s\u00eb Siguris\u00eb Rrugore t\u00eb autostrad\u00ebs \u201cTuneli i Kalimashit-Morin\u00eb\u201d, u referuan materialet n\u00eb Prokurori dhe nisi procedimi penal n\u00eb gjendje t\u00eb lir\u00eb, p\u00ebr shtetasin G. D., 58 vje\u00e7, banues n\u00eb Tiran\u00eb, p\u00ebr vepr\u00ebn penale \u201cShkelja e rregullave t\u00eb qarkullimit rrugor\u201d, pasi duke drejtuar automjetin autobus, tip \u201cBenz\u201d, 58-vje\u00e7ari ka humbur kontrollin e drejtimit t\u00eb automjetit dhe p\u00ebr pasoj\u00eb automjeti \u00ebsht\u00eb p\u00ebrplasur me mbrojtes\u00ebn metalike dhe ka p\u00ebrfunduar n\u00eb kanal.<\/p>\n<p>P\u00ebr pasoj\u00eb, jan\u00eb d\u00ebmtuar leht\u00eb pasagjer\u00ebt, shtetasit E. H., 36  vje\u00e7e, banuese n\u00eb Metvegj\u00eb, Serbi dhe L. B., 55 vje\u00e7, banues n\u00eb Tiran\u00eb, t\u00eb cil\u00ebt u d\u00ebrguan n\u00eb spital dhe ndodhen jasht\u00eb rrezikut p\u00ebr jet\u00ebn. Materialet i kaluan Prokuroris\u00eb, p\u00ebr veprime t\u00eb m\u00ebtejshme.<\/p>\n","protected":false},"excerpt":{"rendered":"<p>Njoftimi i policis\u00eb Nga sh\u00ebrbimet e Nj\u00ebsis\u00eb s\u00eb Siguris\u00eb Rrugore t\u00eb autostrad\u00ebs \u201cTuneli i Kalimashit-Morin\u00eb\u201d, u referuan materialet n\u00eb Prokurori dhe nisi procedimi penal n\u00eb gjendje t\u00eb lir\u00eb, p\u00ebr shtetasin G. D., 58 vje\u00e7, banues n\u00eb Tiran\u00eb, p\u00ebr vepr\u00ebn penale \u201cShkelja e rregullave t\u00eb qarkullimit rrugor\u201d, pasi duke drejtuar automjetin autobus, tip \u201cBenz\u201d, 58-vje\u00e7ari ka [&hellip;]<\/p>\n","protected":false},"author":2,"featured_media":21963,"comment_status":"open","ping_status":"open","sticky":false,"template":"","format":"standard","meta":{"footnotes":""},"categories":[117],"tags":[27],"class_list":{"0":"post-21962","1":"post","2":"type-post","3":"status-publish","4":"format-standard","5":"has-post-thumbnail","7":"category-aktualitet","8":"tag-lajme"},"_links":{"self":[{"href":"https:\/\/neutrale.al\/index.php\/wp-json\/wp\/v2\/posts\/21962","targetHints":{"allow":["GET"]}}],"collection":[{"href":"https:\/\/neutrale.al\/index.php\/wp-json\/wp\/v2\/posts"}],"about":[{"href":"https:\/\/neutrale.al\/index.php\/wp-json\/wp\/v2\/types\/post"}],"author":[{"embeddable":true,"href":"https:\/\/neutrale.al\/index.php\/wp-json\/wp\/v2\/users\/2"}],"replies":[{"embeddable":true,"href":"https:\/\/neutrale.al\/index.php\/wp-json\/wp\/v2\/comments?post=21962"}],"version-history":[{"count":1,"href":"https:\/\/neutrale.al\/index.php\/wp-json\/wp\/v2\/posts\/21962\/revisions"}],"predecessor-version":[{"id":21964,"href":"https:\/\/neutrale.al\/index.php\/wp-json\/wp\/v2\/posts\/21962\/revisions\/21964"}],"wp:featuredmedia":[{"embeddable":true,"href":"https:\/\/neutrale.al\/index.php\/wp-json\/wp\/v2\/media\/21963"}],"wp:attachment":[{"href":"https:\/\/neutrale.al\/index.php\/wp-json\/wp\/v2\/media?parent=21962"}],"wp:term":[{"taxonomy":"category","embeddable":true,"href":"https:\/\/neutrale.al\/index.php\/wp-json\/wp\/v2\/categories?post=21962"},{"taxonomy":"post_tag","embeddable":true,"href":"https:\/\/neutrale.al\/index.php\/wp-json\/wp\/v2\/tags?post=21962"}],"curies":[{"name":"wp","href":"https:\/\/api.w.org\/{rel}","templated":true}]}}