{"id":21863,"date":"2022-10-01T11:51:00","date_gmt":"2022-10-01T11:51:00","guid":{"rendered":"https:\/\/neutrale.al\/?p=21863"},"modified":"2022-10-01T11:51:00","modified_gmt":"2022-10-01T11:51:00","slug":"blinken-ne-konflikt-me-te-gjithe-forcat-e-djathta-ne-europe","status":"publish","type":"post","link":"https:\/\/neutrale.al\/index.php\/2022\/10\/01\/blinken-ne-konflikt-me-te-gjithe-forcat-e-djathta-ne-europe\/","title":{"rendered":"Blinken n\u00eb \u201dkonflikt\u201d me t\u00eb gjith\u00eb forcat e djathta n\u00eb europ\u00eb."},"content":{"rendered":"<p>Nga Stokholmi Urim Gjata shkruan.<\/p>\n<p>Simbas Blinken -Sht\u00ebpia e Bardh\u00eb ka shprehur shqet\u00ebsimin p\u00ebr ndikimin e demokrat\u00ebve suedez\u00eb n\u00eb qeverin\u00eb e ardhshme t\u00eb drejtuar nga Moderat\u00ebt suedez\u00eb \u2026<\/p>\n<p>\ud83d\udd3bFitorja dhe mesazhi i Giorgia Meloni ndaj filantropit spekulant Soros, por dhe ai i Le Pen p\u00ebr SD (Partin\u00eb Demokratike suedeze) t\u00ebrbon sorosjan\u00ebt n\u00eb mbar\u00eb bot\u00ebn \u2026<\/p>\n<p>\ud83c\uddf8\ud83c\uddeaVota masive e qytetarit suedez drejt q\u00ebndr\u00ebs s\u00eb djatht\u00eb, dhe t\u00eb djatht\u00ebs (Partia demokratike) si pjes\u00eb e koalicionit opozitar dhe sot qeveritar, koalicion i drejtuar nga Moderatet, ku pjes\u00eb po e k\u00ebtij koalicioni jan\u00eb dhe  liberal\u00ebt, si dhe ndryshimi i pushtetit, kan\u00eb shkaktuar pakenaq\u00ebsi dhe tituj gazetash ( jo shume te besuesh\u00ebm)  jo vet\u00ebm n\u00eb qeverin\u00eb n\u00eb ikje, por dhe n\u00eb mediat e majta rreth e qark \u2026<\/p>\n<p>Fokusi m\u00eb i madh n\u00eb k\u00ebto shkrime ka qen\u00eb sulmet ndaj SD, (Partia Demokratike) si parti e djatht\u00eb,  \/ t\u00eb cil\u00ebn partit\u00eb dhe mediat e majta nderkombetare q\u00ebllimisht i referohen si nj\u00eb parti me rr\u00ebnjet e hershme nacionaliste e ekstremit t\u00eb djatht\u00eb. <\/p>\n<p>Kjo duke \u201dharruar\u201d se shumica e rr\u00ebnj\u00ebve t\u00eb k\u00ebtyre parive te majta vine nga partit\u00eb komuniste, bishtra dhe pjella t\u00eb ideologjis\u00eb t\u00eb partise kriminale komuniste ruse \u2026<\/p>\n<p>\ud83c\uddf8\ud83c\uddea N\u00eb fund t\u00eb fundit, n\u00eb Suedi vendos vota qytetare, vota e qytetarit Suedes !<\/p>\n","protected":false},"excerpt":{"rendered":"<p>Nga Stokholmi Urim Gjata shkruan. Simbas Blinken -Sht\u00ebpia e Bardh\u00eb ka shprehur shqet\u00ebsimin p\u00ebr ndikimin e demokrat\u00ebve suedez\u00eb n\u00eb qeverin\u00eb e ardhshme t\u00eb drejtuar nga Moderat\u00ebt suedez\u00eb \u2026 \ud83d\udd3bFitorja dhe mesazhi i Giorgia Meloni ndaj filantropit spekulant Soros, por dhe ai i Le Pen p\u00ebr SD (Partin\u00eb Demokratike suedeze) t\u00ebrbon sorosjan\u00ebt n\u00eb mbar\u00eb bot\u00ebn \u2026 [&hellip;]<\/p>\n","protected":false},"author":2,"featured_media":21864,"comment_status":"open","ping_status":"open","sticky":false,"template":"","format":"standard","meta":{"footnotes":""},"categories":[12,118],"tags":[],"class_list":{"0":"post-21863","1":"post","2":"type-post","3":"status-publish","4":"format-standard","5":"has-post-thumbnail","7":"category-bota","8":"category-kryesore"},"_links":{"self":[{"href":"https:\/\/neutrale.al\/index.php\/wp-json\/wp\/v2\/posts\/21863","targetHints":{"allow":["GET"]}}],"collection":[{"href":"https:\/\/neutrale.al\/index.php\/wp-json\/wp\/v2\/posts"}],"about":[{"href":"https:\/\/neutrale.al\/index.php\/wp-json\/wp\/v2\/types\/post"}],"author":[{"embeddable":true,"href":"https:\/\/neutrale.al\/index.php\/wp-json\/wp\/v2\/users\/2"}],"replies":[{"embeddable":true,"href":"https:\/\/neutrale.al\/index.php\/wp-json\/wp\/v2\/comments?post=21863"}],"version-history":[{"count":1,"href":"https:\/\/neutrale.al\/index.php\/wp-json\/wp\/v2\/posts\/21863\/revisions"}],"predecessor-version":[{"id":21865,"href":"https:\/\/neutrale.al\/index.php\/wp-json\/wp\/v2\/posts\/21863\/revisions\/21865"}],"wp:featuredmedia":[{"embeddable":true,"href":"https:\/\/neutrale.al\/index.php\/wp-json\/wp\/v2\/media\/21864"}],"wp:attachment":[{"href":"https:\/\/neutrale.al\/index.php\/wp-json\/wp\/v2\/media?parent=21863"}],"wp:term":[{"taxonomy":"category","embeddable":true,"href":"https:\/\/neutrale.al\/index.php\/wp-json\/wp\/v2\/categories?post=21863"},{"taxonomy":"post_tag","embeddable":true,"href":"https:\/\/neutrale.al\/index.php\/wp-json\/wp\/v2\/tags?post=21863"}],"curies":[{"name":"wp","href":"https:\/\/api.w.org\/{rel}","templated":true}]}}