{"id":21827,"date":"2022-10-01T09:51:56","date_gmt":"2022-10-01T09:51:56","guid":{"rendered":"https:\/\/neutrale.al\/?p=21827"},"modified":"2022-10-01T09:51:56","modified_gmt":"2022-10-01T09:51:56","slug":"dy-motrat-ishin-raportuar-te-humbura-prej-nje-jave-por-u-gjenden-si-kokrra-e-molles-kishin-ikur-me-deshire","status":"publish","type":"post","link":"https:\/\/neutrale.al\/index.php\/2022\/10\/01\/dy-motrat-ishin-raportuar-te-humbura-prej-nje-jave-por-u-gjenden-si-kokrra-e-molles-kishin-ikur-me-deshire\/","title":{"rendered":"Dy motrat ishin raportuar t\u00eb humbura prej nj\u00eb jave, por u gjend\u00ebn &#8220;si kokrra e moll\u00ebs, kishin ikur me d\u00ebshir\u00eb."},"content":{"rendered":"<p>Policia e Pej\u00ebs ka njoftuar se jan\u00eb gjetur dy vajzat q\u00eb ishin raportuar si t\u00eb zhdukura q\u00eb nga 23 shtatori.<br \/>\nP\u00ebrmes nj\u00eb komunikate drejtuar mediave, policia ka b\u00ebr\u00eb me dije se ato kan\u00eb deklaruar se jan\u00eb larguar nga sht\u00ebpia me d\u00ebshir\u00ebn e tyre dhe se s\u2019kan\u00eb pasur ndonj\u00eb keqtrajtim.<\/p>\n<p>Gjat\u00eb k\u00ebsaj kohe, kan\u00eb th\u00ebn\u00eb se kan\u00eb q\u00ebndruar n\u00eb nj\u00eb sht\u00ebpi t\u00eb pabanuar n\u00eb fshatin Qungur t\u00eb Pej\u00ebs.<\/p>\n","protected":false},"excerpt":{"rendered":"<p>Policia e Pej\u00ebs ka njoftuar se jan\u00eb gjetur dy vajzat q\u00eb ishin raportuar si t\u00eb zhdukura q\u00eb nga 23 shtatori. P\u00ebrmes nj\u00eb komunikate drejtuar mediave, policia ka b\u00ebr\u00eb me dije se ato kan\u00eb deklaruar se jan\u00eb larguar nga sht\u00ebpia me d\u00ebshir\u00ebn e tyre dhe se s\u2019kan\u00eb pasur ndonj\u00eb keqtrajtim. Gjat\u00eb k\u00ebsaj kohe, kan\u00eb th\u00ebn\u00eb se [&hellip;]<\/p>\n","protected":false},"author":2,"featured_media":21828,"comment_status":"open","ping_status":"open","sticky":false,"template":"","format":"standard","meta":{"footnotes":""},"categories":[117],"tags":[27],"class_list":{"0":"post-21827","1":"post","2":"type-post","3":"status-publish","4":"format-standard","5":"has-post-thumbnail","7":"category-aktualitet","8":"tag-lajme"},"_links":{"self":[{"href":"https:\/\/neutrale.al\/index.php\/wp-json\/wp\/v2\/posts\/21827","targetHints":{"allow":["GET"]}}],"collection":[{"href":"https:\/\/neutrale.al\/index.php\/wp-json\/wp\/v2\/posts"}],"about":[{"href":"https:\/\/neutrale.al\/index.php\/wp-json\/wp\/v2\/types\/post"}],"author":[{"embeddable":true,"href":"https:\/\/neutrale.al\/index.php\/wp-json\/wp\/v2\/users\/2"}],"replies":[{"embeddable":true,"href":"https:\/\/neutrale.al\/index.php\/wp-json\/wp\/v2\/comments?post=21827"}],"version-history":[{"count":1,"href":"https:\/\/neutrale.al\/index.php\/wp-json\/wp\/v2\/posts\/21827\/revisions"}],"predecessor-version":[{"id":21829,"href":"https:\/\/neutrale.al\/index.php\/wp-json\/wp\/v2\/posts\/21827\/revisions\/21829"}],"wp:featuredmedia":[{"embeddable":true,"href":"https:\/\/neutrale.al\/index.php\/wp-json\/wp\/v2\/media\/21828"}],"wp:attachment":[{"href":"https:\/\/neutrale.al\/index.php\/wp-json\/wp\/v2\/media?parent=21827"}],"wp:term":[{"taxonomy":"category","embeddable":true,"href":"https:\/\/neutrale.al\/index.php\/wp-json\/wp\/v2\/categories?post=21827"},{"taxonomy":"post_tag","embeddable":true,"href":"https:\/\/neutrale.al\/index.php\/wp-json\/wp\/v2\/tags?post=21827"}],"curies":[{"name":"wp","href":"https:\/\/api.w.org\/{rel}","templated":true}]}}