{"id":21818,"date":"2022-10-01T09:28:31","date_gmt":"2022-10-01T09:28:31","guid":{"rendered":"https:\/\/neutrale.al\/?p=21818"},"modified":"2022-10-01T09:28:31","modified_gmt":"2022-10-01T09:28:31","slug":"sot-gara-per-kreun-e-frpd-berisha-urime-votuesve-dhe-suksese-kandidateve","status":"publish","type":"post","link":"https:\/\/neutrale.al\/index.php\/2022\/10\/01\/sot-gara-per-kreun-e-frpd-berisha-urime-votuesve-dhe-suksese-kandidateve\/","title":{"rendered":"Sot gara p\u00ebr kreun e FRPD\/ Berisha: Urime votuesve dhe suksese kandidat\u00ebve."},"content":{"rendered":"<p>Ka qen\u00eb lakonik kreu i PD-s\u00eb, Sali Berisha, n\u00eb lidhje me gar\u00ebn e sotme t\u00eb t\u00eb rinjve demokrat p\u00ebr t\u00eb zgjedhur drejtuesin e tyre.<\/p>\n<p>Urime t\u00eb p\u00ebrzem\u00ebrta votuesve, shkruan Berisha dhe suksese kandidat\u00ebve.<\/p>\n<p>Ja postimi:<\/p>\n<p>Sot gara e te rinjve per Liderin e FRPD. Urimet te perzemerta te gjithe atyre qe votojne sot dhe suksese kandidateve qe garojne sot per kryetar te FRPD. sb<\/p>\n","protected":false},"excerpt":{"rendered":"<p>Ka qen\u00eb lakonik kreu i PD-s\u00eb, Sali Berisha, n\u00eb lidhje me gar\u00ebn e sotme t\u00eb t\u00eb rinjve demokrat p\u00ebr t\u00eb zgjedhur drejtuesin e tyre. Urime t\u00eb p\u00ebrzem\u00ebrta votuesve, shkruan Berisha dhe suksese kandidat\u00ebve. Ja postimi: Sot gara e te rinjve per Liderin e FRPD. Urimet te perzemerta te gjithe atyre qe votojne sot dhe suksese [&hellip;]<\/p>\n","protected":false},"author":2,"featured_media":21819,"comment_status":"open","ping_status":"open","sticky":false,"template":"","format":"standard","meta":{"footnotes":""},"categories":[118,9],"tags":[],"class_list":{"0":"post-21818","1":"post","2":"type-post","3":"status-publish","4":"format-standard","5":"has-post-thumbnail","7":"category-kryesore","8":"category-politika"},"_links":{"self":[{"href":"https:\/\/neutrale.al\/index.php\/wp-json\/wp\/v2\/posts\/21818","targetHints":{"allow":["GET"]}}],"collection":[{"href":"https:\/\/neutrale.al\/index.php\/wp-json\/wp\/v2\/posts"}],"about":[{"href":"https:\/\/neutrale.al\/index.php\/wp-json\/wp\/v2\/types\/post"}],"author":[{"embeddable":true,"href":"https:\/\/neutrale.al\/index.php\/wp-json\/wp\/v2\/users\/2"}],"replies":[{"embeddable":true,"href":"https:\/\/neutrale.al\/index.php\/wp-json\/wp\/v2\/comments?post=21818"}],"version-history":[{"count":1,"href":"https:\/\/neutrale.al\/index.php\/wp-json\/wp\/v2\/posts\/21818\/revisions"}],"predecessor-version":[{"id":21820,"href":"https:\/\/neutrale.al\/index.php\/wp-json\/wp\/v2\/posts\/21818\/revisions\/21820"}],"wp:featuredmedia":[{"embeddable":true,"href":"https:\/\/neutrale.al\/index.php\/wp-json\/wp\/v2\/media\/21819"}],"wp:attachment":[{"href":"https:\/\/neutrale.al\/index.php\/wp-json\/wp\/v2\/media?parent=21818"}],"wp:term":[{"taxonomy":"category","embeddable":true,"href":"https:\/\/neutrale.al\/index.php\/wp-json\/wp\/v2\/categories?post=21818"},{"taxonomy":"post_tag","embeddable":true,"href":"https:\/\/neutrale.al\/index.php\/wp-json\/wp\/v2\/tags?post=21818"}],"curies":[{"name":"wp","href":"https:\/\/api.w.org\/{rel}","templated":true}]}}