{"id":21703,"date":"2022-09-30T14:51:30","date_gmt":"2022-09-30T14:51:30","guid":{"rendered":"https:\/\/neutrale.al\/?p=21703"},"modified":"2022-09-30T14:51:30","modified_gmt":"2022-09-30T14:51:30","slug":"tritan-shehu-refleksion-rreth-palacove","status":"publish","type":"post","link":"https:\/\/neutrale.al\/index.php\/2022\/09\/30\/tritan-shehu-refleksion-rreth-palacove\/","title":{"rendered":"Tritan Shehu\/ Refleksion rreth &#8220;pala\u00e7ove&#8221;&#8230;"},"content":{"rendered":"<p>Nj\u00eb refleksion sot reth \u201cpala\u00e7ove\u201d<\/p>\n<p>Ne\u00eb nj\u00eb parti demokratike lideri zgjidhet me vot\u00eb!<br \/>\nDhe ve\u00e7an\u00ebrisht kur lideri zgjidhet me rregullin \u201cnj\u00eb antar nj\u00eb vot\u00eb \u201d, popullariteti konvertohet t\u00ebr\u00ebsisht n\u00eb vot\u00eb!<\/p>\n<p>Ky \u00ebsht\u00eb nj\u00eb rregull i art\u00eb i demokracis\u00eb, themel i saj.<br \/>\nDhe nuk ka vendim administrativ, apo opinion nga kushdo qoft\u00eb, q\u00eb mund t\u00eb \u00e7b\u00ebj\u00eb k\u00ebt\u00eb rregull.<br \/>\nNuk ka asnj\u00eb gjykat\u00eb, q\u00eb mund t\u00eb dal\u00eb mbi ose jasht\u00eb k\u00ebtij rregulli, nqs do t\u00eb doj\u00eb t\u00eb quhet \u201cgjykat\u00eb\u201d.<br \/>\nPartit\u00eb politike jan\u00eb subjekte, q\u00eb marr\u00ebdh\u00ebniet e brendshme t\u00eb tyre i rregullojn\u00eb vet\u00eb, mbi baz\u00ebn e vot\u00ebs s\u00eb lir\u00eb.<br \/>\nDalja nga ky rregull t\u00eb \u00e7on n\u00eb anti demokraci.<br \/>\nEmerimi apo vete deklarimi i \u201cpupaceve\u201d ne krye te nje partie, eshte e pa pajtueshme me rregullat demokratike.<br \/>\nImponimi i asaj norme ne nje ambjent jo demokratik te con ne tragjedira.<br \/>\nNe nje vend demokratik, sic une desheroj te quaj akoma Shqiperine, ajo vecse krijon pamje komike.<br \/>\nDuke i kthyer keshtu edhe \u201cpupacet\u201d vete ne qenie qesharake.<br \/>\nPrandaj i bej thirje kolegeve te mi ne PD:<br \/>\n&#8211;Mos pranoni kurre te luani apo tju vene ne rolin e \u201cpalacos\u201d, per asnje cmim kjo!<br \/>\n\u201cPalacot\u201d ne fund te fundit perfundojne ne \u201ckosh\u201d.<br \/>\n<img loading=\"lazy\" loading=\"lazy\" decoding=\"async\" src=\"https:\/\/neutrale.al\/wp-content\/uploads\/2022\/09\/0542167F-8D0F-4CB1-B68D-DA8E8A6C1AB0-213x300.jpeg\" alt=\"\" width=\"213\" height=\"300\" class=\"alignnone size-medium wp-image-21704\" srcset=\"https:\/\/neutrale.al\/wp-content\/uploads\/2022\/09\/0542167F-8D0F-4CB1-B68D-DA8E8A6C1AB0-213x300.jpeg 213w, https:\/\/neutrale.al\/wp-content\/uploads\/2022\/09\/0542167F-8D0F-4CB1-B68D-DA8E8A6C1AB0-726x1024.jpeg 726w, https:\/\/neutrale.al\/wp-content\/uploads\/2022\/09\/0542167F-8D0F-4CB1-B68D-DA8E8A6C1AB0-768x1084.jpeg 768w, https:\/\/neutrale.al\/wp-content\/uploads\/2022\/09\/0542167F-8D0F-4CB1-B68D-DA8E8A6C1AB0-860x1214.jpeg 860w, https:\/\/neutrale.al\/wp-content\/uploads\/2022\/09\/0542167F-8D0F-4CB1-B68D-DA8E8A6C1AB0.jpeg 1080w\" sizes=\"auto, (max-width: 213px) 100vw, 213px\" \/><\/p>\n","protected":false},"excerpt":{"rendered":"<p>Nj\u00eb refleksion sot reth \u201cpala\u00e7ove\u201d Ne\u00eb nj\u00eb parti demokratike lideri zgjidhet me vot\u00eb! Dhe ve\u00e7an\u00ebrisht kur lideri zgjidhet me rregullin \u201cnj\u00eb antar nj\u00eb vot\u00eb \u201d, popullariteti konvertohet t\u00ebr\u00ebsisht n\u00eb vot\u00eb! Ky \u00ebsht\u00eb nj\u00eb rregull i art\u00eb i demokracis\u00eb, themel i saj. Dhe nuk ka vendim administrativ, apo opinion nga kushdo qoft\u00eb, q\u00eb mund t\u00eb \u00e7b\u00ebj\u00eb [&hellip;]<\/p>\n","protected":false},"author":2,"featured_media":21705,"comment_status":"open","ping_status":"open","sticky":false,"template":"","format":"standard","meta":{"footnotes":""},"categories":[2],"tags":[],"class_list":{"0":"post-21703","1":"post","2":"type-post","3":"status-publish","4":"format-standard","5":"has-post-thumbnail","7":"category-opinione"},"_links":{"self":[{"href":"https:\/\/neutrale.al\/index.php\/wp-json\/wp\/v2\/posts\/21703","targetHints":{"allow":["GET"]}}],"collection":[{"href":"https:\/\/neutrale.al\/index.php\/wp-json\/wp\/v2\/posts"}],"about":[{"href":"https:\/\/neutrale.al\/index.php\/wp-json\/wp\/v2\/types\/post"}],"author":[{"embeddable":true,"href":"https:\/\/neutrale.al\/index.php\/wp-json\/wp\/v2\/users\/2"}],"replies":[{"embeddable":true,"href":"https:\/\/neutrale.al\/index.php\/wp-json\/wp\/v2\/comments?post=21703"}],"version-history":[{"count":1,"href":"https:\/\/neutrale.al\/index.php\/wp-json\/wp\/v2\/posts\/21703\/revisions"}],"predecessor-version":[{"id":21706,"href":"https:\/\/neutrale.al\/index.php\/wp-json\/wp\/v2\/posts\/21703\/revisions\/21706"}],"wp:featuredmedia":[{"embeddable":true,"href":"https:\/\/neutrale.al\/index.php\/wp-json\/wp\/v2\/media\/21705"}],"wp:attachment":[{"href":"https:\/\/neutrale.al\/index.php\/wp-json\/wp\/v2\/media?parent=21703"}],"wp:term":[{"taxonomy":"category","embeddable":true,"href":"https:\/\/neutrale.al\/index.php\/wp-json\/wp\/v2\/categories?post=21703"},{"taxonomy":"post_tag","embeddable":true,"href":"https:\/\/neutrale.al\/index.php\/wp-json\/wp\/v2\/tags?post=21703"}],"curies":[{"name":"wp","href":"https:\/\/api.w.org\/{rel}","templated":true}]}}