{"id":21697,"date":"2022-09-30T14:17:46","date_gmt":"2022-09-30T14:17:46","guid":{"rendered":"https:\/\/neutrale.al\/?p=21697"},"modified":"2022-09-30T14:17:46","modified_gmt":"2022-09-30T14:17:46","slug":"meta-paralajmeron-ramen-mos-provoko-popullin-shqiptar","status":"publish","type":"post","link":"https:\/\/neutrale.al\/index.php\/2022\/09\/30\/meta-paralajmeron-ramen-mos-provoko-popullin-shqiptar\/","title":{"rendered":"Meta paralajm\u00ebron Ram\u00ebn: Mos provoko popullin shqiptar!"},"content":{"rendered":"<p>Kreu i PL-s\u00eb Ilir Meta, n\u00eb nj\u00eb video-mesazh n\u00eb rrjetet sociale i b\u00ebn thirrje kryeministrit Edi Rama q\u00eb mos t\u00eb provokoj\u00eb shqiptar\u00ebt, t\u00eb mos d\u00ebmtoj\u00eb, vonoj\u00eb dhe minoj\u00eb procesin e integrimit europian.<\/p>\n<p>Ai i drejtohet Ram\u00ebs q\u00eb t\u00eb t\u00ebrhiqet menj\u00ebher\u00eb nga projektligji p\u00ebr Amnistin\u00eb Fiskale&#8230;<\/p>\n<p>Ja postimi i tij;<\/p>\n<p>Kryeministri Rama t\u00eb mos provokoj\u00eb m\u00eb popullin shqiptar, t\u00eb mos d\u00ebmtoj\u00eb, vonoj\u00eb dhe minoj\u00eb procesin e integrimit europian t\u00eb Shqip\u00ebris\u00eb. T\u00eb t\u00ebrhiqet menj\u00ebher\u00eb nga projektligji p\u00ebr Amnistin\u00eb Fiskale, i cili \u00ebsht\u00eb projektuar dhe urdh\u00ebruar nga bota e krimit. Shp\u00ebrfillja e pap\u00ebrgjegjshme e Qeveris\u00eb ndaj shqet\u00ebsimeve t\u00eb partner\u00ebve tan\u00eb nd\u00ebrkomb\u00ebtar\u00eb n\u00eb luft\u00ebn kund\u00ebr krimit t\u00eb organizuar, \u00ebsht\u00eb e papranueshme dhe e patolerueshme.<\/p>\n","protected":false},"excerpt":{"rendered":"<p>Kreu i PL-s\u00eb Ilir Meta, n\u00eb nj\u00eb video-mesazh n\u00eb rrjetet sociale i b\u00ebn thirrje kryeministrit Edi Rama q\u00eb mos t\u00eb provokoj\u00eb shqiptar\u00ebt, t\u00eb mos d\u00ebmtoj\u00eb, vonoj\u00eb dhe minoj\u00eb procesin e integrimit europian. Ai i drejtohet Ram\u00ebs q\u00eb t\u00eb t\u00ebrhiqet menj\u00ebher\u00eb nga projektligji p\u00ebr Amnistin\u00eb Fiskale&#8230; Ja postimi i tij; Kryeministri Rama t\u00eb mos provokoj\u00eb m\u00eb [&hellip;]<\/p>\n","protected":false},"author":2,"featured_media":21698,"comment_status":"open","ping_status":"open","sticky":false,"template":"","format":"standard","meta":{"footnotes":""},"categories":[9],"tags":[27],"class_list":{"0":"post-21697","1":"post","2":"type-post","3":"status-publish","4":"format-standard","5":"has-post-thumbnail","7":"category-politika","8":"tag-lajme"},"_links":{"self":[{"href":"https:\/\/neutrale.al\/index.php\/wp-json\/wp\/v2\/posts\/21697","targetHints":{"allow":["GET"]}}],"collection":[{"href":"https:\/\/neutrale.al\/index.php\/wp-json\/wp\/v2\/posts"}],"about":[{"href":"https:\/\/neutrale.al\/index.php\/wp-json\/wp\/v2\/types\/post"}],"author":[{"embeddable":true,"href":"https:\/\/neutrale.al\/index.php\/wp-json\/wp\/v2\/users\/2"}],"replies":[{"embeddable":true,"href":"https:\/\/neutrale.al\/index.php\/wp-json\/wp\/v2\/comments?post=21697"}],"version-history":[{"count":1,"href":"https:\/\/neutrale.al\/index.php\/wp-json\/wp\/v2\/posts\/21697\/revisions"}],"predecessor-version":[{"id":21699,"href":"https:\/\/neutrale.al\/index.php\/wp-json\/wp\/v2\/posts\/21697\/revisions\/21699"}],"wp:featuredmedia":[{"embeddable":true,"href":"https:\/\/neutrale.al\/index.php\/wp-json\/wp\/v2\/media\/21698"}],"wp:attachment":[{"href":"https:\/\/neutrale.al\/index.php\/wp-json\/wp\/v2\/media?parent=21697"}],"wp:term":[{"taxonomy":"category","embeddable":true,"href":"https:\/\/neutrale.al\/index.php\/wp-json\/wp\/v2\/categories?post=21697"},{"taxonomy":"post_tag","embeddable":true,"href":"https:\/\/neutrale.al\/index.php\/wp-json\/wp\/v2\/tags?post=21697"}],"curies":[{"name":"wp","href":"https:\/\/api.w.org\/{rel}","templated":true}]}}