{"id":21624,"date":"2022-09-30T10:02:55","date_gmt":"2022-09-30T10:02:55","guid":{"rendered":"https:\/\/neutrale.al\/?p=21624"},"modified":"2022-09-30T10:02:55","modified_gmt":"2022-09-30T10:02:55","slug":"greqi-burri-vret-gruan-gjermane-dhe-femijen-e-tyre-1-vjecar","status":"publish","type":"post","link":"https:\/\/neutrale.al\/index.php\/2022\/09\/30\/greqi-burri-vret-gruan-gjermane-dhe-femijen-e-tyre-1-vjecar\/","title":{"rendered":"Greqi\/ Burri vret gruan gjermane dhe f\u00ebmij\u00ebn e tyre 1-vje\u00e7ar."},"content":{"rendered":"<p>Ngjarja e r\u00ebnd\u00eb ka ndodhur m\u00ebngjesin e k\u00ebsaj t\u00eb premteje n\u00eb nj\u00eb familje n\u00eb Kavalla t\u00eb Greqis\u00eb.<\/p>\n<p>Nj\u00eb 56-vje\u00e7ar ka vrar\u00eb me arm\u00eb zjarri gruan e tij 32-vje\u00e7are dhe f\u00ebmij\u00ebn e tyre, vet\u00ebm 1 vje\u00e7 dhe m\u00eb pas \u00ebsht\u00eb vet\u00ebvrar\u00eb.<br \/>\nMediat greke shkruajn\u00eb se \u00e7ifti ishte drejt ndarjes dhe ishin n\u00eb konflikt p\u00ebr kujdestarin\u00eb e f\u00ebmij\u00ebs s\u00eb tyre.<\/p>\n<p>Autori ishte blegtor dhe m\u00ebngjesin e sot\u00ebm ka dal\u00eb nga sht\u00ebpia, ka marr\u00eb me vete gruan dhe f\u00ebmij\u00ebn dhe i ka \u00e7uar n\u00eb\u00a0 pron\u00ebn e tij ku i ka q\u00eblluar. Burri ishte grek, nd\u00ebrsa gruaja me origjin\u00eb gjermane.<\/p>\n","protected":false},"excerpt":{"rendered":"<p>Ngjarja e r\u00ebnd\u00eb ka ndodhur m\u00ebngjesin e k\u00ebsaj t\u00eb premteje n\u00eb nj\u00eb familje n\u00eb Kavalla t\u00eb Greqis\u00eb. Nj\u00eb 56-vje\u00e7ar ka vrar\u00eb me arm\u00eb zjarri gruan e tij 32-vje\u00e7are dhe f\u00ebmij\u00ebn e tyre, vet\u00ebm 1 vje\u00e7 dhe m\u00eb pas \u00ebsht\u00eb vet\u00ebvrar\u00eb. Mediat greke shkruajn\u00eb se \u00e7ifti ishte drejt ndarjes dhe ishin n\u00eb konflikt p\u00ebr kujdestarin\u00eb e [&hellip;]<\/p>\n","protected":false},"author":2,"featured_media":21625,"comment_status":"open","ping_status":"open","sticky":false,"template":"","format":"standard","meta":{"footnotes":""},"categories":[6],"tags":[27],"class_list":{"0":"post-21624","1":"post","2":"type-post","3":"status-publish","4":"format-standard","5":"has-post-thumbnail","7":"category-rajoni","8":"tag-lajme"},"_links":{"self":[{"href":"https:\/\/neutrale.al\/index.php\/wp-json\/wp\/v2\/posts\/21624","targetHints":{"allow":["GET"]}}],"collection":[{"href":"https:\/\/neutrale.al\/index.php\/wp-json\/wp\/v2\/posts"}],"about":[{"href":"https:\/\/neutrale.al\/index.php\/wp-json\/wp\/v2\/types\/post"}],"author":[{"embeddable":true,"href":"https:\/\/neutrale.al\/index.php\/wp-json\/wp\/v2\/users\/2"}],"replies":[{"embeddable":true,"href":"https:\/\/neutrale.al\/index.php\/wp-json\/wp\/v2\/comments?post=21624"}],"version-history":[{"count":1,"href":"https:\/\/neutrale.al\/index.php\/wp-json\/wp\/v2\/posts\/21624\/revisions"}],"predecessor-version":[{"id":21626,"href":"https:\/\/neutrale.al\/index.php\/wp-json\/wp\/v2\/posts\/21624\/revisions\/21626"}],"wp:featuredmedia":[{"embeddable":true,"href":"https:\/\/neutrale.al\/index.php\/wp-json\/wp\/v2\/media\/21625"}],"wp:attachment":[{"href":"https:\/\/neutrale.al\/index.php\/wp-json\/wp\/v2\/media?parent=21624"}],"wp:term":[{"taxonomy":"category","embeddable":true,"href":"https:\/\/neutrale.al\/index.php\/wp-json\/wp\/v2\/categories?post=21624"},{"taxonomy":"post_tag","embeddable":true,"href":"https:\/\/neutrale.al\/index.php\/wp-json\/wp\/v2\/tags?post=21624"}],"curies":[{"name":"wp","href":"https:\/\/api.w.org\/{rel}","templated":true}]}}