{"id":21548,"date":"2022-09-29T16:26:30","date_gmt":"2022-09-29T16:26:30","guid":{"rendered":"https:\/\/neutrale.al\/?p=21548"},"modified":"2022-09-29T16:26:30","modified_gmt":"2022-09-29T16:26:30","slug":"zgjedhjet-e-frpd-se-te-shtunen-date-1-tetor-votohet-per-drejtuesin-e-ri","status":"publish","type":"post","link":"https:\/\/neutrale.al\/index.php\/2022\/09\/29\/zgjedhjet-e-frpd-se-te-shtunen-date-1-tetor-votohet-per-drejtuesin-e-ri\/","title":{"rendered":"Zgjedhjet e FRPD-s\u00eb\/ T\u00eb shtun\u00ebn, dat\u00eb 1 tetor votohet p\u00ebr drejtuesin e ri."},"content":{"rendered":"<p>Fushata e 6 kandidat\u00ebve p\u00ebr t\u00eb marr\u00eb drejtimin e t\u00eb rinjve demokrat\u00eb mb\u00ebrrin n\u00eb cakun e saj kohor.<\/p>\n<p>Dit\u00ebn e shtun\u00eb, m\u00eb dt 1 tetor 2022 zhvillohen zgjedhjet p\u00ebr Kryetarin e FRPD (Forumit Rinor t\u00eb Partis\u00eb Demokratike)<\/p>\n<p>Komisioni i organizimit t\u00eb zgjedhje ka njoftuar deg\u00ebt lokale se lejohet t\u00eb votojn\u00eb t\u00eb rinjt\u00eb an\u00ebtar t\u00eb organizat\u00ebs rinore demokrate ose an\u00ebtar\u00eb t\u00eb PD-s\u00eb nga mosha 16-35 vje\u00e7.<\/p>\n<p>Votimi hapet n\u00eb or\u00ebn 8:00 deri n\u00eb 18:00.<\/p>\n<p>N\u00eb gar\u00eb jan\u00eb:<br \/>\nAlesia Balliu<br \/>\nArnold Kariqi<br \/>\nArtion Barjamaj<br \/>\nBesart Xhaferri<br \/>\nBarbara Doda<br \/>\nMariglend Do\u00e7i<\/p>\n","protected":false},"excerpt":{"rendered":"<p>Fushata e 6 kandidat\u00ebve p\u00ebr t\u00eb marr\u00eb drejtimin e t\u00eb rinjve demokrat\u00eb mb\u00ebrrin n\u00eb cakun e saj kohor. Dit\u00ebn e shtun\u00eb, m\u00eb dt 1 tetor 2022 zhvillohen zgjedhjet p\u00ebr Kryetarin e FRPD (Forumit Rinor t\u00eb Partis\u00eb Demokratike) Komisioni i organizimit t\u00eb zgjedhje ka njoftuar deg\u00ebt lokale se lejohet t\u00eb votojn\u00eb t\u00eb rinjt\u00eb an\u00ebtar t\u00eb organizat\u00ebs [&hellip;]<\/p>\n","protected":false},"author":2,"featured_media":21549,"comment_status":"open","ping_status":"open","sticky":false,"template":"","format":"standard","meta":{"footnotes":""},"categories":[9],"tags":[27],"class_list":{"0":"post-21548","1":"post","2":"type-post","3":"status-publish","4":"format-standard","5":"has-post-thumbnail","7":"category-politika","8":"tag-lajme"},"_links":{"self":[{"href":"https:\/\/neutrale.al\/index.php\/wp-json\/wp\/v2\/posts\/21548","targetHints":{"allow":["GET"]}}],"collection":[{"href":"https:\/\/neutrale.al\/index.php\/wp-json\/wp\/v2\/posts"}],"about":[{"href":"https:\/\/neutrale.al\/index.php\/wp-json\/wp\/v2\/types\/post"}],"author":[{"embeddable":true,"href":"https:\/\/neutrale.al\/index.php\/wp-json\/wp\/v2\/users\/2"}],"replies":[{"embeddable":true,"href":"https:\/\/neutrale.al\/index.php\/wp-json\/wp\/v2\/comments?post=21548"}],"version-history":[{"count":1,"href":"https:\/\/neutrale.al\/index.php\/wp-json\/wp\/v2\/posts\/21548\/revisions"}],"predecessor-version":[{"id":21550,"href":"https:\/\/neutrale.al\/index.php\/wp-json\/wp\/v2\/posts\/21548\/revisions\/21550"}],"wp:featuredmedia":[{"embeddable":true,"href":"https:\/\/neutrale.al\/index.php\/wp-json\/wp\/v2\/media\/21549"}],"wp:attachment":[{"href":"https:\/\/neutrale.al\/index.php\/wp-json\/wp\/v2\/media?parent=21548"}],"wp:term":[{"taxonomy":"category","embeddable":true,"href":"https:\/\/neutrale.al\/index.php\/wp-json\/wp\/v2\/categories?post=21548"},{"taxonomy":"post_tag","embeddable":true,"href":"https:\/\/neutrale.al\/index.php\/wp-json\/wp\/v2\/tags?post=21548"}],"curies":[{"name":"wp","href":"https:\/\/api.w.org\/{rel}","templated":true}]}}