{"id":21524,"date":"2022-09-29T14:55:56","date_gmt":"2022-09-29T14:55:56","guid":{"rendered":"https:\/\/neutrale.al\/?p=21524"},"modified":"2022-09-29T14:55:56","modified_gmt":"2022-09-29T14:55:56","slug":"rusi-putin-do-te-nenshkruaje-te-premten-aneksimin-e-4-zonave-te-ukraines","status":"publish","type":"post","link":"https:\/\/neutrale.al\/index.php\/2022\/09\/29\/rusi-putin-do-te-nenshkruaje-te-premten-aneksimin-e-4-zonave-te-ukraines\/","title":{"rendered":"Rusi\/ Putin do t\u00eb n\u00ebnshkruaj\u00eb t\u00eb premten aneksimin e 4 zonave t\u00eb Ukrain\u00ebs"},"content":{"rendered":"<p>Presidenti rus,Vladimir Putin, do t\u00eb mbaj\u00eb nj\u00eb ceremoni t\u00eb premten ku do t\u00eb n\u00ebnshkruaj\u00eb aneksimin e kat\u00ebr zonave t\u00eb tjera t\u00eb Ukrain\u00ebs pas zhvillimit t\u00eb t\u00eb asht\u00ebquajtuarave \u201creferendume\u201d, njofton BBC.<\/p>\n<p>T\u00eb ashtuquajturat votime u mbajt\u00ebn n\u00eb Luhansk dhe Donetsk n\u00eb lindje dhe n\u00eb Zaporizhia dhe Kherson n\u00eb jug.<\/p>\n<p>Presidenti rus do t\u00eb mbaj\u00eb nj\u00eb fjalim t\u00eb madh n\u00eb Kremlin.<br \/>\nNj\u00eb sken\u00eb tashm\u00eb \u00ebsht\u00eb ngritur n\u00eb Sheshin e Kuq t\u00eb Mosk\u00ebs, me tabela q\u00eb shpallin kat\u00ebr rajonet si pjes\u00eb t\u00eb Rusis\u00eb.<\/p>\n<p>Jehon\u00eb n\u00eb mediat nd\u00ebrkomb\u00ebtare pati edhe aneksimi i Krimes\u00eb nga Rusia n\u00eb 2014. Edhe ky aneksim erdhi si rrjedhoj\u00eb e nj\u00eb referendumi. Megjithat\u00eb, nuk u zhvillua asnj\u00eb monitorim i pavarur i procesit dhe kishte raporte p\u00ebr zyrtar\u00eb zgjedhor\u00eb q\u00eb shkonin der\u00eb m\u00eb der\u00eb t\u00eb shoq\u00ebruar nga ushtar\u00eb t\u00eb armatosur.<\/p>\n<p>SHBA-ja ka th\u00ebn\u00eb se do t\u00eb vendos\u00eb sanksione ndaj Rusis\u00eb p\u00ebr shkak t\u00eb referendumeve dhe vendet an\u00ebtare t\u00eb BE-s\u00eb po shqyrtojn\u00eb nj\u00eb raund t\u00eb tet\u00eb masash.<\/p>\n","protected":false},"excerpt":{"rendered":"<p>Presidenti rus,Vladimir Putin, do t\u00eb mbaj\u00eb nj\u00eb ceremoni t\u00eb premten ku do t\u00eb n\u00ebnshkruaj\u00eb aneksimin e kat\u00ebr zonave t\u00eb tjera t\u00eb Ukrain\u00ebs pas zhvillimit t\u00eb t\u00eb asht\u00ebquajtuarave \u201creferendume\u201d, njofton BBC. T\u00eb ashtuquajturat votime u mbajt\u00ebn n\u00eb Luhansk dhe Donetsk n\u00eb lindje dhe n\u00eb Zaporizhia dhe Kherson n\u00eb jug. Presidenti rus do t\u00eb mbaj\u00eb nj\u00eb fjalim [&hellip;]<\/p>\n","protected":false},"author":2,"featured_media":21525,"comment_status":"open","ping_status":"open","sticky":false,"template":"","format":"standard","meta":{"footnotes":""},"categories":[12,118],"tags":[],"class_list":{"0":"post-21524","1":"post","2":"type-post","3":"status-publish","4":"format-standard","5":"has-post-thumbnail","7":"category-bota","8":"category-kryesore"},"_links":{"self":[{"href":"https:\/\/neutrale.al\/index.php\/wp-json\/wp\/v2\/posts\/21524","targetHints":{"allow":["GET"]}}],"collection":[{"href":"https:\/\/neutrale.al\/index.php\/wp-json\/wp\/v2\/posts"}],"about":[{"href":"https:\/\/neutrale.al\/index.php\/wp-json\/wp\/v2\/types\/post"}],"author":[{"embeddable":true,"href":"https:\/\/neutrale.al\/index.php\/wp-json\/wp\/v2\/users\/2"}],"replies":[{"embeddable":true,"href":"https:\/\/neutrale.al\/index.php\/wp-json\/wp\/v2\/comments?post=21524"}],"version-history":[{"count":1,"href":"https:\/\/neutrale.al\/index.php\/wp-json\/wp\/v2\/posts\/21524\/revisions"}],"predecessor-version":[{"id":21526,"href":"https:\/\/neutrale.al\/index.php\/wp-json\/wp\/v2\/posts\/21524\/revisions\/21526"}],"wp:featuredmedia":[{"embeddable":true,"href":"https:\/\/neutrale.al\/index.php\/wp-json\/wp\/v2\/media\/21525"}],"wp:attachment":[{"href":"https:\/\/neutrale.al\/index.php\/wp-json\/wp\/v2\/media?parent=21524"}],"wp:term":[{"taxonomy":"category","embeddable":true,"href":"https:\/\/neutrale.al\/index.php\/wp-json\/wp\/v2\/categories?post=21524"},{"taxonomy":"post_tag","embeddable":true,"href":"https:\/\/neutrale.al\/index.php\/wp-json\/wp\/v2\/tags?post=21524"}],"curies":[{"name":"wp","href":"https:\/\/api.w.org\/{rel}","templated":true}]}}