{"id":21517,"date":"2022-09-29T14:20:14","date_gmt":"2022-09-29T14:20:14","guid":{"rendered":"https:\/\/neutrale.al\/?p=21517"},"modified":"2022-09-29T14:20:14","modified_gmt":"2022-09-29T14:20:14","slug":"gjelosh-progni-nderojme-heronjte-antikomuniste-te-malesise-se-gjakoves","status":"publish","type":"post","link":"https:\/\/neutrale.al\/index.php\/2022\/09\/29\/gjelosh-progni-nderojme-heronjte-antikomuniste-te-malesise-se-gjakoves\/","title":{"rendered":"Gjelosh Progni\/ Nderojm\u00eb heronjt\u00eb antikomunist\u00eb t\u00eb Mal\u00ebsis\u00eb s\u00eb Gjakov\u00ebs"},"content":{"rendered":"<p>\u00c7do dat\u00eb 29 Shtator kujtohen MARTIR\u00cbT e identitetit komb\u00ebtar, heronjt\u00eb e gjall\u00eb dhe t\u00eb vdekur antikomunist t\u00eb Mal\u00ebsis\u00eb s\u00eb Gjakov\u00ebs.<\/p>\n<p>Tashm\u00eb nga viti 2018 e vijim kur K\u00ebshilli Bashkiak Tropoj\u00eb njohu e vendos si dat\u00eb p\u00ebrkujtimore t\u00eb viktimave t\u00eb diktatur\u00ebs vrastare te pashembullt n\u00eb Europ\u00eb, referuar masakr\u00ebs s\u00eb 29 Shtatorit 1946, ku u vran\u00eb Fet\u00eb Sadiku dhe Uk\u00eb Quni edhe akti m\u00eb sublim i Zef Markut me vllez\u00ebr n\u00eb Nikaj &#8211; Mertur.<br \/>\nGjithashtu kjo dat\u00eb \u00ebsht\u00eb n\u00eb kujtim t\u00eb f\u00ebmij\u00ebve t\u00eb vdekur n\u00eb kampin fam\u00ebkeq t\u00eb Tepelen\u00ebs dhe akademik e patriot jasht\u00eb vendit, vrasjet me gjyq e pagjyq, burgjet, internimet, d\u00ebbimet etj ndaj popullit e trev\u00ebs t\u00eb Mal\u00ebsis\u00eb s\u00eb Gjakov\u00ebs nga Qafa e Agrit deri Qaf\u00eb Morin\u00eb.<br \/>\nNUK HARROJM\u00cb&#8230;.<\/p>\n<p>Respekte e mir\u00ebnjohje me p\u00ebrul\u00ebsi p\u00ebr sakrific\u00ebn dhe vuajtjet e popullit martir t\u00eb Tropoj\u00ebs nga dora kriminale e diktatur\u00ebs komuniste!\ud83d\ude4f\ud83c\udde6\ud83c\uddf1<\/p>\n<p><img loading=\"lazy\" loading=\"lazy\" decoding=\"async\" src=\"https:\/\/neutrale.al\/wp-content\/uploads\/2022\/09\/E1EEE42E-14B6-43D0-A3A5-6FDAD3DEE333-300x225.jpeg\" alt=\"\" width=\"300\" height=\"225\" class=\"alignnone size-medium wp-image-21518\" srcset=\"https:\/\/neutrale.al\/wp-content\/uploads\/2022\/09\/E1EEE42E-14B6-43D0-A3A5-6FDAD3DEE333-300x225.jpeg 300w, https:\/\/neutrale.al\/wp-content\/uploads\/2022\/09\/E1EEE42E-14B6-43D0-A3A5-6FDAD3DEE333-1024x768.jpeg 1024w, https:\/\/neutrale.al\/wp-content\/uploads\/2022\/09\/E1EEE42E-14B6-43D0-A3A5-6FDAD3DEE333-768x576.jpeg 768w, https:\/\/neutrale.al\/wp-content\/uploads\/2022\/09\/E1EEE42E-14B6-43D0-A3A5-6FDAD3DEE333-860x645.jpeg 860w, https:\/\/neutrale.al\/wp-content\/uploads\/2022\/09\/E1EEE42E-14B6-43D0-A3A5-6FDAD3DEE333.jpeg 1080w\" sizes=\"auto, (max-width: 300px) 100vw, 300px\" \/><\/p>\n","protected":false},"excerpt":{"rendered":"<p>\u00c7do dat\u00eb 29 Shtator kujtohen MARTIR\u00cbT e identitetit komb\u00ebtar, heronjt\u00eb e gjall\u00eb dhe t\u00eb vdekur antikomunist t\u00eb Mal\u00ebsis\u00eb s\u00eb Gjakov\u00ebs. Tashm\u00eb nga viti 2018 e vijim kur K\u00ebshilli Bashkiak Tropoj\u00eb njohu e vendos si dat\u00eb p\u00ebrkujtimore t\u00eb viktimave t\u00eb diktatur\u00ebs vrastare te pashembullt n\u00eb Europ\u00eb, referuar masakr\u00ebs s\u00eb 29 Shtatorit 1946, ku u vran\u00eb Fet\u00eb [&hellip;]<\/p>\n","protected":false},"author":2,"featured_media":21519,"comment_status":"open","ping_status":"open","sticky":false,"template":"","format":"standard","meta":{"footnotes":""},"categories":[2],"tags":[],"class_list":{"0":"post-21517","1":"post","2":"type-post","3":"status-publish","4":"format-standard","5":"has-post-thumbnail","7":"category-opinione"},"_links":{"self":[{"href":"https:\/\/neutrale.al\/index.php\/wp-json\/wp\/v2\/posts\/21517","targetHints":{"allow":["GET"]}}],"collection":[{"href":"https:\/\/neutrale.al\/index.php\/wp-json\/wp\/v2\/posts"}],"about":[{"href":"https:\/\/neutrale.al\/index.php\/wp-json\/wp\/v2\/types\/post"}],"author":[{"embeddable":true,"href":"https:\/\/neutrale.al\/index.php\/wp-json\/wp\/v2\/users\/2"}],"replies":[{"embeddable":true,"href":"https:\/\/neutrale.al\/index.php\/wp-json\/wp\/v2\/comments?post=21517"}],"version-history":[{"count":1,"href":"https:\/\/neutrale.al\/index.php\/wp-json\/wp\/v2\/posts\/21517\/revisions"}],"predecessor-version":[{"id":21520,"href":"https:\/\/neutrale.al\/index.php\/wp-json\/wp\/v2\/posts\/21517\/revisions\/21520"}],"wp:featuredmedia":[{"embeddable":true,"href":"https:\/\/neutrale.al\/index.php\/wp-json\/wp\/v2\/media\/21519"}],"wp:attachment":[{"href":"https:\/\/neutrale.al\/index.php\/wp-json\/wp\/v2\/media?parent=21517"}],"wp:term":[{"taxonomy":"category","embeddable":true,"href":"https:\/\/neutrale.al\/index.php\/wp-json\/wp\/v2\/categories?post=21517"},{"taxonomy":"post_tag","embeddable":true,"href":"https:\/\/neutrale.al\/index.php\/wp-json\/wp\/v2\/tags?post=21517"}],"curies":[{"name":"wp","href":"https:\/\/api.w.org\/{rel}","templated":true}]}}