{"id":21496,"date":"2022-09-29T10:11:43","date_gmt":"2022-09-29T10:11:43","guid":{"rendered":"https:\/\/neutrale.al\/?p=21496"},"modified":"2022-09-29T10:11:43","modified_gmt":"2022-09-29T10:11:43","slug":"rrjedha-e-gazit-te-nord-stream-shkencetaret-kjo-mund-te-shkaktoje-nje-pergjigje-te-nato-s","status":"publish","type":"post","link":"https:\/\/neutrale.al\/index.php\/2022\/09\/29\/rrjedha-e-gazit-te-nord-stream-shkencetaret-kjo-mund-te-shkaktoje-nje-pergjigje-te-nato-s\/","title":{"rendered":"Rrjedha e gazit te Nord Stream\/ Shkenc\u00ebtar\u00ebt: Kjo mund t\u00eb shkaktoj\u00eb nj\u00eb p\u00ebrgjigje t\u00eb NATO-s"},"content":{"rendered":"<p>Disa krer\u00eb shtetesh besojn\u00eb se rrjedhjet e gazit n\u00eb Detin Baltik jan\u00eb p\u00ebr shkak t\u00eb sabotimit dhe ka raporte p\u00ebr diskutimet e Nenit 5 n\u00eb NATO. &#8211; Ata duhet t\u00eb p\u00ebrgjigjen me forc\u00eb, thot\u00eb studiuesi.<\/p>\n<p>T\u00eb mart\u00ebn, u b\u00eb e ditur se tubacionet e gazit po rrjedhin n\u00eb tre vende t\u00eb ndryshme n\u00eb Detin Baltik , n\u00eb uj\u00ebrat suedeze dhe daneze.<\/p>\n<p>Stacionet mat\u00ebse n\u00eb t\u00eb dy vendet regjistruan dy shp\u00ebrthime t\u00eb fuqishme n\u00ebnujore t\u00eb h\u00ebn\u00ebn. Gjith\u00e7ka tregon se rrjedhjet jan\u00eb rezultat i veprimit t\u00eb q\u00ebllimsh\u00ebm.<\/p>\n<p>N\u00ebse rezulton t\u00eb jet\u00eb sabotim, si\u00e7 besojn\u00eb t\u00eb gjith\u00eb kryeministrat skandinav\u00eb, si duhet t\u00eb reagohet ndaj nj\u00eb incidenti t\u00eb till\u00eb?<\/p>\n<p>&#8211; NATO diskuton nenin e pest\u00eb<\/p>\n<p>Sipas Dagens N\u00e6ringsliv , kjo \u00ebsht\u00eb diskutuar n\u00eb NATO t\u00eb mart\u00ebn n\u00eb mbr\u00ebmje.<\/p>\n<p>Konkretisht, diskutimet duhet t\u00eb ishin rreth asaj se si duhet t\u00eb reagoj\u00eb aleanca n\u00eb rast t\u00eb nj\u00eb sulmi t\u00eb ri t\u00eb mundsh\u00ebm kund\u00ebr infrastruktur\u00ebs energjetike per\u00ebndimore dhe n\u00ebse do t\u00eb ket\u00eb nj\u00eb situat\u00eb ku Neni 5 \u00ebsht\u00eb i r\u00ebnd\u00ebsish\u00ebm.<\/p>\n<p>Ata gjithashtu thuhet se kan\u00eb qen\u00eb rreth m\u00ebnyr\u00ebs sesi NATO duhet t\u00eb pengoj\u00eb sulmet kund\u00ebr infrastruktur\u00ebs operacionale dhe t\u00eb mbroj\u00eb veten.<\/p>\n","protected":false},"excerpt":{"rendered":"<p>Disa krer\u00eb shtetesh besojn\u00eb se rrjedhjet e gazit n\u00eb Detin Baltik jan\u00eb p\u00ebr shkak t\u00eb sabotimit dhe ka raporte p\u00ebr diskutimet e Nenit 5 n\u00eb NATO. &#8211; Ata duhet t\u00eb p\u00ebrgjigjen me forc\u00eb, thot\u00eb studiuesi. T\u00eb mart\u00ebn, u b\u00eb e ditur se tubacionet e gazit po rrjedhin n\u00eb tre vende t\u00eb ndryshme n\u00eb Detin Baltik [&hellip;]<\/p>\n","protected":false},"author":2,"featured_media":21497,"comment_status":"open","ping_status":"open","sticky":false,"template":"","format":"standard","meta":{"footnotes":""},"categories":[12],"tags":[27],"class_list":{"0":"post-21496","1":"post","2":"type-post","3":"status-publish","4":"format-standard","5":"has-post-thumbnail","7":"category-bota","8":"tag-lajme"},"_links":{"self":[{"href":"https:\/\/neutrale.al\/index.php\/wp-json\/wp\/v2\/posts\/21496","targetHints":{"allow":["GET"]}}],"collection":[{"href":"https:\/\/neutrale.al\/index.php\/wp-json\/wp\/v2\/posts"}],"about":[{"href":"https:\/\/neutrale.al\/index.php\/wp-json\/wp\/v2\/types\/post"}],"author":[{"embeddable":true,"href":"https:\/\/neutrale.al\/index.php\/wp-json\/wp\/v2\/users\/2"}],"replies":[{"embeddable":true,"href":"https:\/\/neutrale.al\/index.php\/wp-json\/wp\/v2\/comments?post=21496"}],"version-history":[{"count":1,"href":"https:\/\/neutrale.al\/index.php\/wp-json\/wp\/v2\/posts\/21496\/revisions"}],"predecessor-version":[{"id":21498,"href":"https:\/\/neutrale.al\/index.php\/wp-json\/wp\/v2\/posts\/21496\/revisions\/21498"}],"wp:featuredmedia":[{"embeddable":true,"href":"https:\/\/neutrale.al\/index.php\/wp-json\/wp\/v2\/media\/21497"}],"wp:attachment":[{"href":"https:\/\/neutrale.al\/index.php\/wp-json\/wp\/v2\/media?parent=21496"}],"wp:term":[{"taxonomy":"category","embeddable":true,"href":"https:\/\/neutrale.al\/index.php\/wp-json\/wp\/v2\/categories?post=21496"},{"taxonomy":"post_tag","embeddable":true,"href":"https:\/\/neutrale.al\/index.php\/wp-json\/wp\/v2\/tags?post=21496"}],"curies":[{"name":"wp","href":"https:\/\/api.w.org\/{rel}","templated":true}]}}