{"id":21439,"date":"2022-09-28T19:07:50","date_gmt":"2022-09-28T19:07:50","guid":{"rendered":"https:\/\/neutrale.al\/?p=21439"},"modified":"2022-09-28T19:07:50","modified_gmt":"2022-09-28T19:07:50","slug":"berisha-cmimin-e-energjise-per-bizneset-do-ta-rikthejme-ne-6-leke-aq-sa-ishte-ne-qeverisjen-tone","status":"publish","type":"post","link":"https:\/\/neutrale.al\/index.php\/2022\/09\/28\/berisha-cmimin-e-energjise-per-bizneset-do-ta-rikthejme-ne-6-leke-aq-sa-ishte-ne-qeverisjen-tone\/","title":{"rendered":"Berisha: \u00c7mimin e energjis\u00eb p\u00ebr bizneset do ta rikthejm\u00eb n\u00eb 6 lek\u00eb, aq sa ishte n\u00eb qeverisjen ton\u00eb"},"content":{"rendered":"<p>Kreu i PD, Sali Berisha tha n\u00eb nj\u00eb takim me sindikatat n\u00eb Tiran\u00eb se \u00e7mimin e energjis\u00eb p\u00ebr bizneset do ta rikthejn\u00eb n\u00eb 6 lek\u00eb, aq sa ishte n\u00eb qeverisjen e demokrat\u00ebve. Berisha tha se qeveria e Ram\u00ebs po falimenton bizneset nd\u00ebrsa shtoi se kreu i qeveris\u00eb vet\u00ebm mashtron, duke kujtuar rastin se n\u00eb Zvic\u00ebr d\u00ebnohesh me burg n\u00ebse e \u00e7on m\u00eb shum\u00eb se 19 grad\u00eb temperatur\u00ebn e ngrohjes.<\/p>\n<p>\u201cK\u00ebta po i falimenton bizneset. Ne e kemi shitur energjin\u00eb me 6 lek p\u00ebr biznesin. E kan\u00eb \u00e7uar n\u00eb 200, e tani do e \u00e7ojn\u00eb n\u00eb 400 lek\u00eb. Asgj\u00eb m\u00eb vras\u00ebse sidomos p\u00ebr nd\u00ebrmarrjet nxjerr\u00ebse nuk ka se kjo. Pse e vendos\u00ebm ne at\u00eb \u00e7mim, 6 lek\u00eb. Edhe Gjermania e kishte 6 lek, por edhe vendet e tjera t\u00eb zhvilluara \u00e7mimin e kishin rreth k\u00ebtij \u00e7mimi.<\/p>\n<p>Edhe biznesit t\u00eb vog\u00ebl, tani i rritet \u00e7mimi. Ju garantoj se \u00e7mimi i energjis\u00eb do t\u00eb kthehet n\u00eb 6 lek\u00eb, aty ku ka qen\u00eb&#8221;, u shpreh Berisha\u00a0<\/p>\n","protected":false},"excerpt":{"rendered":"<p>Kreu i PD, Sali Berisha tha n\u00eb nj\u00eb takim me sindikatat n\u00eb Tiran\u00eb se \u00e7mimin e energjis\u00eb p\u00ebr bizneset do ta rikthejn\u00eb n\u00eb 6 lek\u00eb, aq sa ishte n\u00eb qeverisjen e demokrat\u00ebve. Berisha tha se qeveria e Ram\u00ebs po falimenton bizneset nd\u00ebrsa shtoi se kreu i qeveris\u00eb vet\u00ebm mashtron, duke kujtuar rastin se n\u00eb Zvic\u00ebr [&hellip;]<\/p>\n","protected":false},"author":2,"featured_media":21440,"comment_status":"open","ping_status":"open","sticky":false,"template":"","format":"standard","meta":{"footnotes":""},"categories":[118],"tags":[],"class_list":{"0":"post-21439","1":"post","2":"type-post","3":"status-publish","4":"format-standard","5":"has-post-thumbnail","7":"category-kryesore"},"_links":{"self":[{"href":"https:\/\/neutrale.al\/index.php\/wp-json\/wp\/v2\/posts\/21439","targetHints":{"allow":["GET"]}}],"collection":[{"href":"https:\/\/neutrale.al\/index.php\/wp-json\/wp\/v2\/posts"}],"about":[{"href":"https:\/\/neutrale.al\/index.php\/wp-json\/wp\/v2\/types\/post"}],"author":[{"embeddable":true,"href":"https:\/\/neutrale.al\/index.php\/wp-json\/wp\/v2\/users\/2"}],"replies":[{"embeddable":true,"href":"https:\/\/neutrale.al\/index.php\/wp-json\/wp\/v2\/comments?post=21439"}],"version-history":[{"count":1,"href":"https:\/\/neutrale.al\/index.php\/wp-json\/wp\/v2\/posts\/21439\/revisions"}],"predecessor-version":[{"id":21441,"href":"https:\/\/neutrale.al\/index.php\/wp-json\/wp\/v2\/posts\/21439\/revisions\/21441"}],"wp:featuredmedia":[{"embeddable":true,"href":"https:\/\/neutrale.al\/index.php\/wp-json\/wp\/v2\/media\/21440"}],"wp:attachment":[{"href":"https:\/\/neutrale.al\/index.php\/wp-json\/wp\/v2\/media?parent=21439"}],"wp:term":[{"taxonomy":"category","embeddable":true,"href":"https:\/\/neutrale.al\/index.php\/wp-json\/wp\/v2\/categories?post=21439"},{"taxonomy":"post_tag","embeddable":true,"href":"https:\/\/neutrale.al\/index.php\/wp-json\/wp\/v2\/tags?post=21439"}],"curies":[{"name":"wp","href":"https:\/\/api.w.org\/{rel}","templated":true}]}}