{"id":21427,"date":"2022-09-28T16:56:17","date_gmt":"2022-09-28T16:56:17","guid":{"rendered":"https:\/\/neutrale.al\/?p=21427"},"modified":"2022-09-28T16:56:17","modified_gmt":"2022-09-28T16:56:17","slug":"ambasada-shqiptare-ne-athine-ekspozite-e-dy-piktoreve-te-njohur-ne-ambientet-e-ambasades","status":"publish","type":"post","link":"https:\/\/neutrale.al\/index.php\/2022\/09\/28\/ambasada-shqiptare-ne-athine-ekspozite-e-dy-piktoreve-te-njohur-ne-ambientet-e-ambasades\/","title":{"rendered":"Ambasada Shqiptare n\u00eb Athin\u00eb\/ Ekspozit\u00eb e dy piktor\u00ebve t\u00eb njohur n\u00eb ambientet e ambasad\u00ebs."},"content":{"rendered":"<p>N\u00eb kuad\u00ebr t\u00eb sezonit t\u00eb ri t\u00eb diplomacis\u00eb kulturore t\u00eb Ambasad\u00ebs, p\u00ebr tre dit\u00eb radhazi publiku vizitoi ekspozit\u00ebn e hapur n\u00eb ambientet e Ambasad\u00ebs, t\u00eb piktor\u00ebve t\u00eb njohur shqiptar\u00eb Agron Dingo dhe Agron Bejte.<\/p>\n<p>Ja postimi i plot\u00eb i ambasad\u00ebs ton\u00eb n\u00eb Greqi:<\/p>\n<p>\ud83c\udfa8\ud83d\udd8c Publiku artdash\u00ebs, n\u00eb kuad\u00ebr t\u00eb sezonit te ri t\u00eb diplomacis\u00eb kulturore t\u00eb Ambasad\u00ebs, shijoi p\u00ebr tre dite radhazi ekspozit\u00ebn e hapur n\u00eb ambientet e Ambasad\u00ebs, t\u00eb piktor\u00ebve t\u00eb njohur shqiptar\u00eb Agron Dingo dhe Agron Bejte.<\/p>\n<p>\ud83d\udccc Agron Dingo, piktor, studiues dhe restaurator i veprave bizantine dhe Agron Bejte nj\u00eb nd\u00ebr piktor\u00ebt bashk\u00ebkohor\u00eb m\u00eb t\u00eb vler\u00ebsuar, erdh\u00ebn p\u00ebr publikun me 101 punimet e tyre t\u00eb punuara me teknika t\u00eb ndryshme, si akuarel, akrilik etj., n\u00eb t\u00eb cilat dominuan portretet, natyra t\u00eb qeta dhe peisazhet e vendit ton\u00eb me kolori te ndezura, frym\u00ebzuar nga peisazhet t\u00eb vendlindjes s\u00eb tyre. <\/p>\n<p>\ud83d\udc49 Dingo dhe Bejte, dy piktor\u00ebt q\u00eb e kan\u00eb nisur her\u00ebt udh\u00ebn e emigrimit, nuk e ndan\u00eb kurr\u00eb nga vetja pasionin, dashurin\u00eb p\u00ebr piktur\u00ebn dhe me veprat e tyre kan\u00eb hapur disa ekspozita vetjake si dhe kan\u00eb q\u00ebn\u00eb pjes\u00ebmarr\u00ebs n\u00eb ekspozita komb\u00ebtare e nd\u00ebrkomb\u00ebtare t\u00eb vler\u00ebsuar me \u00e7mime t\u00eb para.<\/p>\n<p>\ud83d\udc68\ud83c\udffb\u200d\ud83c\udfa8\ud83d\udc68\ud83c\udffb\u200d\ud83c\udfa8 Dy Artistet, i dhuruan Ambasad\u00ebs k\u00ebt\u00eb fundjav\u00eb nj\u00eb atmosfer\u00eb ndryshe duke i dh\u00ebn\u00eb mund\u00ebsine vizitor\u00ebve t\u00eb shumt\u00eb t\u00eb udh\u00ebtojn\u00eb p\u00ebr disa or\u00eb n\u00eb bot\u00ebn e mrekullueshme t\u00eb artit pamor, si\u00e7 \u00ebsht\u00eb piktura.<\/p>\n<p>\ud83e\udd1e\ud83c\udffb Me urimet m\u00eb t\u00eb mira p\u00ebr dy piktor\u00ebt n\u00eb karrier\u00ebn e tyre artistike, do t\u00eb takohemi s\u00eb shpejti n\u00eb aktivitetet e radh\u00ebs. \ud83d\ude0a<\/p>\n<p><img loading=\"lazy\" loading=\"lazy\" decoding=\"async\" src=\"https:\/\/neutrale.al\/wp-content\/uploads\/2022\/09\/72452BC7-B2D8-45CE-BDF5-4E4F79DDE351-225x300.jpeg\" alt=\"\" width=\"225\" height=\"300\" class=\"alignnone size-medium wp-image-21428\" srcset=\"https:\/\/neutrale.al\/wp-content\/uploads\/2022\/09\/72452BC7-B2D8-45CE-BDF5-4E4F79DDE351-225x300.jpeg 225w, https:\/\/neutrale.al\/wp-content\/uploads\/2022\/09\/72452BC7-B2D8-45CE-BDF5-4E4F79DDE351.jpeg 720w\" sizes=\"auto, (max-width: 225px) 100vw, 225px\" \/><\/p>\n<p><img loading=\"lazy\" loading=\"lazy\" decoding=\"async\" src=\"https:\/\/neutrale.al\/wp-content\/uploads\/2022\/09\/C21EB198-9BDD-4F14-9506-C6AE6782EFF4-300x225.jpeg\" alt=\"\" width=\"300\" height=\"225\" class=\"alignnone size-medium wp-image-21429\" srcset=\"https:\/\/neutrale.al\/wp-content\/uploads\/2022\/09\/C21EB198-9BDD-4F14-9506-C6AE6782EFF4-300x225.jpeg 300w, https:\/\/neutrale.al\/wp-content\/uploads\/2022\/09\/C21EB198-9BDD-4F14-9506-C6AE6782EFF4-768x576.jpeg 768w, https:\/\/neutrale.al\/wp-content\/uploads\/2022\/09\/C21EB198-9BDD-4F14-9506-C6AE6782EFF4-860x645.jpeg 860w, https:\/\/neutrale.al\/wp-content\/uploads\/2022\/09\/C21EB198-9BDD-4F14-9506-C6AE6782EFF4.jpeg 960w\" sizes=\"auto, (max-width: 300px) 100vw, 300px\" \/><\/p>\n<p><img loading=\"lazy\" loading=\"lazy\" decoding=\"async\" src=\"https:\/\/neutrale.al\/wp-content\/uploads\/2022\/09\/AF64EF9F-3D4D-4F08-8331-D92D53774987-225x300.jpeg\" alt=\"\" width=\"225\" height=\"300\" class=\"alignnone size-medium wp-image-21430\" srcset=\"https:\/\/neutrale.al\/wp-content\/uploads\/2022\/09\/AF64EF9F-3D4D-4F08-8331-D92D53774987-225x300.jpeg 225w, https:\/\/neutrale.al\/wp-content\/uploads\/2022\/09\/AF64EF9F-3D4D-4F08-8331-D92D53774987-768x1024.jpeg 768w, https:\/\/neutrale.al\/wp-content\/uploads\/2022\/09\/AF64EF9F-3D4D-4F08-8331-D92D53774987-860x1147.jpeg 860w, https:\/\/neutrale.al\/wp-content\/uploads\/2022\/09\/AF64EF9F-3D4D-4F08-8331-D92D53774987.jpeg 1080w\" sizes=\"auto, (max-width: 225px) 100vw, 225px\" \/><\/p>\n","protected":false},"excerpt":{"rendered":"<p>N\u00eb kuad\u00ebr t\u00eb sezonit t\u00eb ri t\u00eb diplomacis\u00eb kulturore t\u00eb Ambasad\u00ebs, p\u00ebr tre dit\u00eb radhazi publiku vizitoi ekspozit\u00ebn e hapur n\u00eb ambientet e Ambasad\u00ebs, t\u00eb piktor\u00ebve t\u00eb njohur shqiptar\u00eb Agron Dingo dhe Agron Bejte. Ja postimi i plot\u00eb i ambasad\u00ebs ton\u00eb n\u00eb Greqi: \ud83c\udfa8\ud83d\udd8c Publiku artdash\u00ebs, n\u00eb kuad\u00ebr t\u00eb sezonit te ri t\u00eb diplomacis\u00eb kulturore [&hellip;]<\/p>\n","protected":false},"author":2,"featured_media":21431,"comment_status":"open","ping_status":"open","sticky":false,"template":"","format":"standard","meta":{"footnotes":""},"categories":[6],"tags":[],"class_list":{"0":"post-21427","1":"post","2":"type-post","3":"status-publish","4":"format-standard","5":"has-post-thumbnail","7":"category-rajoni"},"_links":{"self":[{"href":"https:\/\/neutrale.al\/index.php\/wp-json\/wp\/v2\/posts\/21427","targetHints":{"allow":["GET"]}}],"collection":[{"href":"https:\/\/neutrale.al\/index.php\/wp-json\/wp\/v2\/posts"}],"about":[{"href":"https:\/\/neutrale.al\/index.php\/wp-json\/wp\/v2\/types\/post"}],"author":[{"embeddable":true,"href":"https:\/\/neutrale.al\/index.php\/wp-json\/wp\/v2\/users\/2"}],"replies":[{"embeddable":true,"href":"https:\/\/neutrale.al\/index.php\/wp-json\/wp\/v2\/comments?post=21427"}],"version-history":[{"count":1,"href":"https:\/\/neutrale.al\/index.php\/wp-json\/wp\/v2\/posts\/21427\/revisions"}],"predecessor-version":[{"id":21432,"href":"https:\/\/neutrale.al\/index.php\/wp-json\/wp\/v2\/posts\/21427\/revisions\/21432"}],"wp:featuredmedia":[{"embeddable":true,"href":"https:\/\/neutrale.al\/index.php\/wp-json\/wp\/v2\/media\/21431"}],"wp:attachment":[{"href":"https:\/\/neutrale.al\/index.php\/wp-json\/wp\/v2\/media?parent=21427"}],"wp:term":[{"taxonomy":"category","embeddable":true,"href":"https:\/\/neutrale.al\/index.php\/wp-json\/wp\/v2\/categories?post=21427"},{"taxonomy":"post_tag","embeddable":true,"href":"https:\/\/neutrale.al\/index.php\/wp-json\/wp\/v2\/tags?post=21427"}],"curies":[{"name":"wp","href":"https:\/\/api.w.org\/{rel}","templated":true}]}}